{"id":3716,"date":"2012-06-29T18:18:00","date_gmt":"2012-06-29T16:18:00","guid":{"rendered":"http:\/\/localhost:8080\/vardnadsutredningar-utreder-de-barns-basta\/"},"modified":"2023-04-05T16:12:50","modified_gmt":"2023-04-05T14:12:50","slug":"vardnadsutredningar-utreder-de-barns-basta","status":"publish","type":"post","link":"https:\/\/www.insulander-advokat.se\/blogg\/vardnadsutredningar-utreder-de-barns-basta\/","title":{"rendered":"V\u00e5rdnadsutredningar &#8211; utreder de barns b\u00e4sta?"},"content":{"rendered":"<p>I mitt jobb l\u00e4ser jag ofta v\u00e5rdnads &#8211; boende och umg\u00e4ngesutredningar. Min uppfattning \u00e4r att de har mycket skiftande kvalitet. Det \u00e4r s\u00e4llan de p\u00e5 ett noggrant och initierat s\u00e4tt utreder barnets b\u00e4sta. Bristerna i utredningarna \u00e4r ett akut problem som f\u00e5r stora konsekvenser f\u00f6r de barn som \u00e4r inblandade.<\/p>\n<p>I m\u00e5l om barns boende, v\u00e5rdnad eller umg\u00e4nge genomf\u00f6rs det ofta en utredning. Socialtj\u00e4nsten, familjer\u00e4tten, har d\u00e5 en skyldighet att utreda vad som \u00e4r till barnets b\u00e4sta. Vid bed\u00f6mningen ska de s\u00e4rskilt beakta f\u00f6r\u00e4ldrarnas f\u00f6rm\u00e5ga att samarbeta, barnets behov av en n\u00e4ra och god kontakt med b\u00e5da sina f\u00f6r\u00e4ldrar, g\u00f6ra en riskbed\u00f6mning samt utreda barnets egen vilja.<\/p>\n<p>Barnets b\u00e4sta \u00e4r ett \u00f6ppet begrepp och \u00f6ppnar upp f\u00f6r tolkningsutrymme. Det medf\u00f6r att utredningarna idag har mycket varierande kvalitet. Det finns ej heller i Sverige n\u00e5gon enhetlig metod f\u00f6r hur riskbed\u00f6mningarna i v\u00e5rdnadsutredningar ska genomf\u00f6ras. En riskbed\u00f6mning utf\u00f6rd av t.ex. Familjer\u00e4tten i Solna ser d\u00e4rf\u00f6r helt annorlunda ut \u00e4n den som en familjer\u00e4tt p\u00e5 S\u00f6dermalm eller n\u00e5gon annanstans i landet g\u00f6r. I vissa fall g\u00f6r man ingen riskbed\u00f6mning alls trots att det finns omst\u00e4ndigheter som tyder p\u00e5 att barnet far illa.<\/p>\n<p>Riskbed\u00f6mningarna i v\u00e5rdnadsm\u00e5l genomf\u00f6rs heller inte p\u00e5 samma s\u00e4tt som de riskbed\u00f6mningar som g\u00f6ra enligt socialtj\u00e4nstlagen efter en orosanm\u00e4lan till socialtj\u00e4nsten. Det \u00e4r olika enheter inom socialtj\u00e4nsten som genomf\u00f6r de utredningarna, utan n\u00e5got samarbete kring metod vid riskbed\u00f6mningar.<\/p>\n<p>Hur kan det vara s\u00e5 i Sverige idag 2012 att utredningarna har s\u00e5 skiftande kvalitet?&nbsp; Hur utredarna bed\u00f6mer barnets b\u00e4sta kan i samma fall skilja sig beroende p\u00e5 var du bor.<\/p>\n<p>Jag sitter med i en referensgrupp hos socialstyrelsen i ett projekt som ska arbeta fram en v\u00e4gledning som st\u00f6d f\u00f6r utredarna vid riskbed\u00f6mningar i v\u00e5rdnads- boende och umg\u00e4ngesutredningar.&nbsp; Vid m\u00f6te nyligen med flera socialsekreterare fr\u00e5n olika delar av landet f\u00f6rstod jag hur lite hj\u00e4lp, metod och v\u00e4gledning&nbsp; de har n\u00e4r de genomf\u00f6r sina utredningar. D\u00e4rav Socialstyrelsens arbete med att f\u00f6rs\u00f6ka ta fram en enhetlig v\u00e4gledning vilket \u00e4r mycket positivt. Dock framkom vid m\u00f6tet ocks\u00e5 vilka stora sv\u00e5righeter det finns med att hitta en enhetlig metod f\u00f6r riskbed\u00f6mningarna i v\u00e5rdnadsutredningar.<\/p>\n<p>Inte heller anser jag att man p\u00e5 ett tillfredsst\u00e4llande s\u00e4tt lyckas utreda barnets egen vilja. Samtalen med barnen i utredningarna idag f\u00e5r oftast mycket mindre utrymme \u00e4n samtalen med f\u00f6r\u00e4ldrarna. Samtalen med barnen tolkas ofta och omformuleras utifr\u00e5n vad f\u00f6r\u00e4ldrarna har l\u00e4mnat f\u00f6r utsagor. Jag tror att det i barnsamtalen ofta fattas kompetens kring barn; hur man ska tolka och bed\u00f6ma vad barnet s\u00e4ger. I likhet med barnf\u00f6rh\u00f6r hos polisen kr\u00e4vs s\u00e4rskild kompetens f\u00f6r att verkligen kunna bed\u00f6ma barnets egen vilja utifr\u00e5n vad det sj\u00e4lv s\u00e4ger, eller inte s\u00e4ger. Jeanette Sundhall har i en doktorsavhandling i G\u00f6teborg unders\u00f6kt barnets r\u00e4tt att komma till tals i v\u00e5rdnadstvister och har bl.a. kommit fram till just att barnen inte har s\u00e5 goda m\u00f6jligheter att g\u00f6ra sin r\u00f6st h\u00f6rd. Det \u00e4r m\u00e4rkligt med tanke p\u00e5 att 2006 \u00e5rs \u00e4ndringar i f\u00f6r\u00e4ldrabalken fr\u00e4mst syftade till att st\u00e4rka barnperspektivet.<\/p>\n<p>V\u00e5rdnadsutredningarna f\u00e5r stor betydelse som bevisning n\u00e4r m\u00e5let ska avg\u00f6ras i domstolen. Enligt min erfarenhet \u00e4r det i majoriteten av fall som domstolen, utan att alltid n\u00e4rmare granska utredningen, d\u00f6mer i enlighet med utredarnas bed\u00f6mning. Utredningarna f\u00e5r d\u00e4rf\u00f6r stor betydelse i de enskilda fallen och det \u00e4r enormt viktigt att de \u00e4r tillr\u00e4ckligt kompetent utf\u00f6rda.<\/p>\n<p>I praktiken handlar b\u00e5de utredningarna och domstolarnas domar ofta om f\u00f6r\u00e4ldrarnas r\u00e4tt till barnet. Det \u00e4r fel. Det ska ist\u00e4llet handla om barnets r\u00e4tt. Barnets r\u00e4tt m\u00e5ste f\u00e5 utredas p\u00e5 ett ordentligt, metodiskt och enhetligt s\u00e4tt p\u00e5 familjer\u00e4tter \u00f6ver hela landet.<\/p>\n<p>Mia Edwall Insulander<br \/>\n<span style=\"color: #999999;\">Advokat<\/span><\/p>\n","protected":false},"excerpt":{"rendered":"<p>I mitt jobb l\u00e4ser jag ofta v\u00e5rdnads &#8211; boende och umg\u00e4ngesutredningar. Min uppfattning \u00e4r att de har mycket skiftande kvalitet. Det \u00e4r s\u00e4llan de p\u00e5 ett noggrant och initierat s\u00e4tt utreder barnets b\u00e4sta. Bristerna i utredningarna \u00e4r ett akut problem som f\u00e5r stora konsekvenser f\u00f6r de barn som \u00e4r inblandade.<\/p>\n","protected":false},"author":1,"featured_media":0,"comment_status":"open","ping_status":"closed","sticky":false,"template":"","format":"standard","meta":{"_acf_changed":false,"footnotes":""},"categories":[21],"tags":[],"class_list":["post-3716","post","type-post","status-publish","format-standard","hentry","category-blogg"],"acf":[],"yoast_head":"<!-- This site is optimized with the Yoast SEO plugin v27.5 - https:\/\/yoast.com\/product\/yoast-seo-wordpress\/ -->\n<title>V\u00e5rdnadsutredningar - utreder de barns b\u00e4sta? - Insulander Lindh Advokatbyr\u00e5<\/title>\n<meta name=\"robots\" content=\"index, follow, max-snippet:-1, max-image-preview:large, max-video-preview:-1\" \/>\n<link rel=\"canonical\" href=\"https:\/\/www.insulander-advokat.se\/blogg\/vardnadsutredningar-utreder-de-barns-basta\/\" \/>\n<meta property=\"og:locale\" content=\"sv_SE\" \/>\n<meta property=\"og:type\" content=\"article\" \/>\n<meta property=\"og:title\" content=\"V\u00e5rdnadsutredningar - utreder de barns b\u00e4sta? - Insulander Lindh Advokatbyr\u00e5\" \/>\n<meta property=\"og:description\" content=\"I mitt jobb l\u00e4ser jag ofta v\u00e5rdnads - boende och umg\u00e4ngesutredningar. Min uppfattning \u00e4r att de har mycket skiftande kvalitet. Det \u00e4r s\u00e4llan de p\u00e5 ett noggrant och initierat s\u00e4tt utreder barnets b\u00e4sta. Bristerna i utredningarna \u00e4r ett akut problem som f\u00e5r stora konsekvenser f\u00f6r de barn som \u00e4r inblandade.\" \/>\n<meta property=\"og:url\" content=\"https:\/\/www.insulander-advokat.se\/blogg\/vardnadsutredningar-utreder-de-barns-basta\/\" \/>\n<meta property=\"og:site_name\" content=\"Insulander Lindh Advokatbyr\u00e5\" \/>\n<meta property=\"article:published_time\" content=\"2012-06-29T16:18:00+00:00\" \/>\n<meta property=\"article:modified_time\" content=\"2023-04-05T14:12:50+00:00\" \/>\n<meta name=\"author\" content=\"jorgen@soderqvistproduction.se\" \/>\n<meta name=\"twitter:card\" content=\"summary_large_image\" \/>\n<meta name=\"twitter:label1\" content=\"Skriven av\" \/>\n\t<meta name=\"twitter:data1\" content=\"jorgen@soderqvistproduction.se\" \/>\n\t<meta name=\"twitter:label2\" content=\"Ber\u00e4knad l\u00e4stid\" \/>\n\t<meta name=\"twitter:data2\" content=\"3 minuter\" \/>\n<script type=\"application\/ld+json\" class=\"yoast-schema-graph\">{\"@context\":\"https:\\\/\\\/schema.org\",\"@graph\":[{\"@type\":\"Article\",\"@id\":\"https:\\\/\\\/www.insulander-advokat.se\\\/blogg\\\/vardnadsutredningar-utreder-de-barns-basta\\\/#article\",\"isPartOf\":{\"@id\":\"https:\\\/\\\/www.insulander-advokat.se\\\/blogg\\\/vardnadsutredningar-utreder-de-barns-basta\\\/\"},\"author\":{\"name\":\"jorgen@soderqvistproduction.se\",\"@id\":\"https:\\\/\\\/www.insulander-advokat.se\\\/#\\\/schema\\\/person\\\/2875ff8aee44741a0ccc63bc19395541\"},\"headline\":\"V\u00e5rdnadsutredningar &#8211; utreder de barns b\u00e4sta?\",\"datePublished\":\"2012-06-29T16:18:00+00:00\",\"dateModified\":\"2023-04-05T14:12:50+00:00\",\"mainEntityOfPage\":{\"@id\":\"https:\\\/\\\/www.insulander-advokat.se\\\/blogg\\\/vardnadsutredningar-utreder-de-barns-basta\\\/\"},\"wordCount\":744,\"commentCount\":0,\"articleSection\":[\"Blogg\"],\"inLanguage\":\"sv-SE\",\"potentialAction\":[{\"@type\":\"CommentAction\",\"name\":\"Comment\",\"target\":[\"https:\\\/\\\/www.insulander-advokat.se\\\/blogg\\\/vardnadsutredningar-utreder-de-barns-basta\\\/#respond\"]}]},{\"@type\":\"WebPage\",\"@id\":\"https:\\\/\\\/www.insulander-advokat.se\\\/blogg\\\/vardnadsutredningar-utreder-de-barns-basta\\\/\",\"url\":\"https:\\\/\\\/www.insulander-advokat.se\\\/blogg\\\/vardnadsutredningar-utreder-de-barns-basta\\\/\",\"name\":\"V\u00e5rdnadsutredningar - utreder de barns b\u00e4sta? - Insulander Lindh Advokatbyr\u00e5\",\"isPartOf\":{\"@id\":\"https:\\\/\\\/www.insulander-advokat.se\\\/#website\"},\"datePublished\":\"2012-06-29T16:18:00+00:00\",\"dateModified\":\"2023-04-05T14:12:50+00:00\",\"author\":{\"@id\":\"https:\\\/\\\/www.insulander-advokat.se\\\/#\\\/schema\\\/person\\\/2875ff8aee44741a0ccc63bc19395541\"},\"breadcrumb\":{\"@id\":\"https:\\\/\\\/www.insulander-advokat.se\\\/blogg\\\/vardnadsutredningar-utreder-de-barns-basta\\\/#breadcrumb\"},\"inLanguage\":\"sv-SE\",\"potentialAction\":[{\"@type\":\"ReadAction\",\"target\":[\"https:\\\/\\\/www.insulander-advokat.se\\\/blogg\\\/vardnadsutredningar-utreder-de-barns-basta\\\/\"]}]},{\"@type\":\"BreadcrumbList\",\"@id\":\"https:\\\/\\\/www.insulander-advokat.se\\\/blogg\\\/vardnadsutredningar-utreder-de-barns-basta\\\/#breadcrumb\",\"itemListElement\":[{\"@type\":\"ListItem\",\"position\":1,\"name\":\"Hem\",\"item\":\"https:\\\/\\\/www.insulander-advokat.se\\\/\"},{\"@type\":\"ListItem\",\"position\":2,\"name\":\"V\u00e5rdnadsutredningar &#8211; utreder de barns b\u00e4sta?\"}]},{\"@type\":\"WebSite\",\"@id\":\"https:\\\/\\\/www.insulander-advokat.se\\\/#website\",\"url\":\"https:\\\/\\\/www.insulander-advokat.se\\\/\",\"name\":\"Insulander Lindh Advokatbyr\u00e5\",\"description\":\"\",\"potentialAction\":[{\"@type\":\"SearchAction\",\"target\":{\"@type\":\"EntryPoint\",\"urlTemplate\":\"https:\\\/\\\/www.insulander-advokat.se\\\/?s={search_term_string}\"},\"query-input\":{\"@type\":\"PropertyValueSpecification\",\"valueRequired\":true,\"valueName\":\"search_term_string\"}}],\"inLanguage\":\"sv-SE\"},{\"@type\":\"Person\",\"@id\":\"https:\\\/\\\/www.insulander-advokat.se\\\/#\\\/schema\\\/person\\\/2875ff8aee44741a0ccc63bc19395541\",\"name\":\"jorgen@soderqvistproduction.se\",\"image\":{\"@type\":\"ImageObject\",\"inLanguage\":\"sv-SE\",\"@id\":\"https:\\\/\\\/secure.gravatar.com\\\/avatar\\\/ad15824aa085c5513fd3a56a2b5f5f248b6c42a4e46e4e4229926149cf9b3b12?s=96&d=mm&r=g\",\"url\":\"https:\\\/\\\/secure.gravatar.com\\\/avatar\\\/ad15824aa085c5513fd3a56a2b5f5f248b6c42a4e46e4e4229926149cf9b3b12?s=96&d=mm&r=g\",\"contentUrl\":\"https:\\\/\\\/secure.gravatar.com\\\/avatar\\\/ad15824aa085c5513fd3a56a2b5f5f248b6c42a4e46e4e4229926149cf9b3b12?s=96&d=mm&r=g\",\"caption\":\"jorgen@soderqvistproduction.se\"},\"sameAs\":[\"http:\\\/\\\/localhost:8080\"],\"url\":\"https:\\\/\\\/www.insulander-advokat.se\\\/blogg\\\/author\\\/jorgensoderqvistproduction-se\\\/\"}]}<\/script>\n<!-- \/ Yoast SEO plugin. -->","yoast_head_json":{"title":"V\u00e5rdnadsutredningar - utreder de barns b\u00e4sta? - Insulander Lindh Advokatbyr\u00e5","robots":{"index":"index","follow":"follow","max-snippet":"max-snippet:-1","max-image-preview":"max-image-preview:large","max-video-preview":"max-video-preview:-1"},"canonical":"https:\/\/www.insulander-advokat.se\/blogg\/vardnadsutredningar-utreder-de-barns-basta\/","og_locale":"sv_SE","og_type":"article","og_title":"V\u00e5rdnadsutredningar - utreder de barns b\u00e4sta? - Insulander Lindh Advokatbyr\u00e5","og_description":"I mitt jobb l\u00e4ser jag ofta v\u00e5rdnads - boende och umg\u00e4ngesutredningar. Min uppfattning \u00e4r att de har mycket skiftande kvalitet. Det \u00e4r s\u00e4llan de p\u00e5 ett noggrant och initierat s\u00e4tt utreder barnets b\u00e4sta. Bristerna i utredningarna \u00e4r ett akut problem som f\u00e5r stora konsekvenser f\u00f6r de barn som \u00e4r inblandade.","og_url":"https:\/\/www.insulander-advokat.se\/blogg\/vardnadsutredningar-utreder-de-barns-basta\/","og_site_name":"Insulander Lindh Advokatbyr\u00e5","article_published_time":"2012-06-29T16:18:00+00:00","article_modified_time":"2023-04-05T14:12:50+00:00","author":"jorgen@soderqvistproduction.se","twitter_card":"summary_large_image","twitter_misc":{"Skriven av":"jorgen@soderqvistproduction.se","Ber\u00e4knad l\u00e4stid":"3 minuter"},"schema":{"@context":"https:\/\/schema.org","@graph":[{"@type":"Article","@id":"https:\/\/www.insulander-advokat.se\/blogg\/vardnadsutredningar-utreder-de-barns-basta\/#article","isPartOf":{"@id":"https:\/\/www.insulander-advokat.se\/blogg\/vardnadsutredningar-utreder-de-barns-basta\/"},"author":{"name":"jorgen@soderqvistproduction.se","@id":"https:\/\/www.insulander-advokat.se\/#\/schema\/person\/2875ff8aee44741a0ccc63bc19395541"},"headline":"V\u00e5rdnadsutredningar &#8211; utreder de barns b\u00e4sta?","datePublished":"2012-06-29T16:18:00+00:00","dateModified":"2023-04-05T14:12:50+00:00","mainEntityOfPage":{"@id":"https:\/\/www.insulander-advokat.se\/blogg\/vardnadsutredningar-utreder-de-barns-basta\/"},"wordCount":744,"commentCount":0,"articleSection":["Blogg"],"inLanguage":"sv-SE","potentialAction":[{"@type":"CommentAction","name":"Comment","target":["https:\/\/www.insulander-advokat.se\/blogg\/vardnadsutredningar-utreder-de-barns-basta\/#respond"]}]},{"@type":"WebPage","@id":"https:\/\/www.insulander-advokat.se\/blogg\/vardnadsutredningar-utreder-de-barns-basta\/","url":"https:\/\/www.insulander-advokat.se\/blogg\/vardnadsutredningar-utreder-de-barns-basta\/","name":"V\u00e5rdnadsutredningar - utreder de barns b\u00e4sta? - Insulander Lindh Advokatbyr\u00e5","isPartOf":{"@id":"https:\/\/www.insulander-advokat.se\/#website"},"datePublished":"2012-06-29T16:18:00+00:00","dateModified":"2023-04-05T14:12:50+00:00","author":{"@id":"https:\/\/www.insulander-advokat.se\/#\/schema\/person\/2875ff8aee44741a0ccc63bc19395541"},"breadcrumb":{"@id":"https:\/\/www.insulander-advokat.se\/blogg\/vardnadsutredningar-utreder-de-barns-basta\/#breadcrumb"},"inLanguage":"sv-SE","potentialAction":[{"@type":"ReadAction","target":["https:\/\/www.insulander-advokat.se\/blogg\/vardnadsutredningar-utreder-de-barns-basta\/"]}]},{"@type":"BreadcrumbList","@id":"https:\/\/www.insulander-advokat.se\/blogg\/vardnadsutredningar-utreder-de-barns-basta\/#breadcrumb","itemListElement":[{"@type":"ListItem","position":1,"name":"Hem","item":"https:\/\/www.insulander-advokat.se\/"},{"@type":"ListItem","position":2,"name":"V\u00e5rdnadsutredningar &#8211; utreder de barns b\u00e4sta?"}]},{"@type":"WebSite","@id":"https:\/\/www.insulander-advokat.se\/#website","url":"https:\/\/www.insulander-advokat.se\/","name":"Insulander Lindh Advokatbyr\u00e5","description":"","potentialAction":[{"@type":"SearchAction","target":{"@type":"EntryPoint","urlTemplate":"https:\/\/www.insulander-advokat.se\/?s={search_term_string}"},"query-input":{"@type":"PropertyValueSpecification","valueRequired":true,"valueName":"search_term_string"}}],"inLanguage":"sv-SE"},{"@type":"Person","@id":"https:\/\/www.insulander-advokat.se\/#\/schema\/person\/2875ff8aee44741a0ccc63bc19395541","name":"jorgen@soderqvistproduction.se","image":{"@type":"ImageObject","inLanguage":"sv-SE","@id":"https:\/\/secure.gravatar.com\/avatar\/ad15824aa085c5513fd3a56a2b5f5f248b6c42a4e46e4e4229926149cf9b3b12?s=96&d=mm&r=g","url":"https:\/\/secure.gravatar.com\/avatar\/ad15824aa085c5513fd3a56a2b5f5f248b6c42a4e46e4e4229926149cf9b3b12?s=96&d=mm&r=g","contentUrl":"https:\/\/secure.gravatar.com\/avatar\/ad15824aa085c5513fd3a56a2b5f5f248b6c42a4e46e4e4229926149cf9b3b12?s=96&d=mm&r=g","caption":"jorgen@soderqvistproduction.se"},"sameAs":["http:\/\/localhost:8080"],"url":"https:\/\/www.insulander-advokat.se\/blogg\/author\/jorgensoderqvistproduction-se\/"}]}},"_links":{"self":[{"href":"https:\/\/www.insulander-advokat.se\/api\/wp\/v2\/posts\/3716","targetHints":{"allow":["GET"]}}],"collection":[{"href":"https:\/\/www.insulander-advokat.se\/api\/wp\/v2\/posts"}],"about":[{"href":"https:\/\/www.insulander-advokat.se\/api\/wp\/v2\/types\/post"}],"author":[{"embeddable":true,"href":"https:\/\/www.insulander-advokat.se\/api\/wp\/v2\/users\/1"}],"replies":[{"embeddable":true,"href":"https:\/\/www.insulander-advokat.se\/api\/wp\/v2\/comments?post=3716"}],"version-history":[{"count":1,"href":"https:\/\/www.insulander-advokat.se\/api\/wp\/v2\/posts\/3716\/revisions"}],"predecessor-version":[{"id":4268,"href":"https:\/\/www.insulander-advokat.se\/api\/wp\/v2\/posts\/3716\/revisions\/4268"}],"wp:attachment":[{"href":"https:\/\/www.insulander-advokat.se\/api\/wp\/v2\/media?parent=3716"}],"wp:term":[{"taxonomy":"category","embeddable":true,"href":"https:\/\/www.insulander-advokat.se\/api\/wp\/v2\/categories?post=3716"},{"taxonomy":"post_tag","embeddable":true,"href":"https:\/\/www.insulander-advokat.se\/api\/wp\/v2\/tags?post=3716"}],"curies":[{"name":"wp","href":"https:\/\/api.w.org\/{rel}","templated":true}]}}