{"id":3723,"date":"2017-05-05T18:18:27","date_gmt":"2017-05-05T16:18:27","guid":{"rendered":"http:\/\/localhost:8080\/se-barnet\/"},"modified":"2023-04-05T16:37:03","modified_gmt":"2023-04-05T14:37:03","slug":"se-barnet","status":"publish","type":"post","link":"https:\/\/www.insulander-advokat.se\/blogg\/se-barnet\/","title":{"rendered":"Se barnet!"},"content":{"rendered":"<p>I utredningen har man bl.a. unders\u00f6kt varf\u00f6r v\u00e5rdnadsm\u00e5len har \u00f6kat s\u00e5 mycket de senaste 10 \u00e5ren. Utredningens slutsatser bekr\u00e4ftar det som vi familjer\u00e4ttsadvokater anat dvs. att \u00f6kningen bl.a. beror ett mer j\u00e4mst\u00e4llt f\u00f6r\u00e4ldraskap samt en \u00f6kad konfliktben\u00e4genhet. F\u00f6r\u00e4ldrar har en tendens att br\u00e5ka mer med varandra i v\u00e5rt samh\u00e4lle idag vilket \u00e4r en mycket tr\u00e5kig utveckling. Det \u00e4r barnen som kommer i kl\u00e4m.<\/p>\n<p>En annan f\u00f6rklaring till att tvisterna om barn \u00f6kar \u00e4r, enligt utredningen, 2006 \u00e5rs v\u00e5rdnadsreform som bl.a. innebar att man inf\u00f6rde en regel om att r\u00e4tten s\u00e4rskilt ska f\u00e4sta avseende vid f\u00f6r\u00e4ldrarnas f\u00f6rm\u00e5ga att samarbeta. I utredningen skriver man att \u201ddet tycks f\u00f6rekomma att en del f\u00f6r\u00e4ldrar d\u00e4rf\u00f6r \u201dsp\u00e4der p\u00e5\u201d, och i vissa fall konstruerar konflikter i syfte att f\u00e5 ensam v\u00e5rdnad om barnet med h\u00e4nvisning till samarbetssv\u00e5righeter\u201d (SOU 2017:6, s. 196).<\/p>\n<p>Att konstruera konflikter var naturligtvis inte syftet med reformen \u00e5r 2006 och det g\u00e5r ut \u00f6ver barnen. Som yrkesverksam advokat men ocks\u00e5 medlare mellan f\u00f6r\u00e4ldrar i v\u00e5rdnadsm\u00e5l kan jag ibland bli orolig \u00f6ver hur konflikten skymmer f\u00f6r\u00e4ldrarnas vilja att se situationen ur barnets perspektiv. Som ombud f\u00f6retr\u00e4der man en av f\u00f6r\u00e4ldrarna och det \u00e4r en advokats fr\u00e4msta plikt att visa trohet och lojalitet mot klienten. Samtidigt \u00e4r det i m\u00e5l om barn enligt min uppfattning viktigt att ha en kontinuerlig dialog med klienten\/f\u00f6r\u00e4ldern om barnperspektivet. Barnets b\u00e4sta kan inte nog understrykas.<\/p>\n<p>Vad f\u00f6resl\u00e5r d\u00e5 utredningen f\u00f6r f\u00f6r\u00e4ndringar f\u00f6r att st\u00e4rka barnens r\u00e4ttigheter? De huvudsakliga f\u00f6r\u00e4ndringarna \u00e4r f\u00f6ljande<\/p>\n<ul>\n<li>En ny best\u00e4mmelse om f\u00f6r\u00e4ldrarnas f\u00f6rm\u00e5ga att ta gemensamt ansvar inf\u00f6rs. Att f\u00f6r\u00e4ldrarna tar gemensamt ansvar inneb\u00e4r att de tillsammans kan l\u00f6sa fr\u00e5gor om barnet och ska enligt utredarna medf\u00f6ra att inte lika mycket fokus i processen l\u00e4ggs p\u00e5 f\u00f6r\u00e4ldrarnas konflikt utan ist\u00e4llet p\u00e5 hur deras agerande faktiskt p\u00e5verkar barnet<\/li>\n<li>Obligatoriska informationssamtal hos socialtj\u00e4nsten ska inf\u00f6ras innan de kan v\u00e4nda sig till domstol och framst\u00e4lla yrkanden om v\u00e5rdnad, boende eller umg\u00e4nge<\/li>\n<li>En best\u00e4mmelse om kompetens- och l\u00e4mplighetskrav f\u00f6r medlare ska inf\u00f6ras. Det b\u00f6r kr\u00e4vas n\u00e5gon form av intyg eller motsvarande om yrkeserfarenhet och utbildning f\u00f6r att en person av domstolen ska kunna utses till medlare<\/li>\n<li>Det ska tydligg\u00f6ras att barn har r\u00e4tt att fritt uttrycka sina \u00e5sikter och att de inte alltid m\u00e5ste vara en best\u00e4md <em>vilja<\/em> som barnet har<\/li>\n<li>Man ska inf\u00f6ra ett handl\u00e4ggningsst\u00f6d f\u00f6r riskbed\u00f6mningar i utredningar om v\u00e5rdnad, boende och umg\u00e4nge<\/li>\n<\/ul>\n<p>L\u00e5t oss hoppas att de f\u00f6reslagna f\u00f6r\u00e4ndringarna leder till f\u00e4rre tvister och att f\u00f6r\u00e4ldrarna samt samh\u00e4llet b\u00e4ttre kan <em>Se barnet!<\/em><\/p>\n<p>Mia Edwall Insulander<\/p>\n","protected":false},"excerpt":{"rendered":"<p>I februari 2017 blev bet\u00e4nkandet Se barnet! (SOU 2017:6) klar och \u00f6verl\u00e4mnades till Regeringen.<br \/>\nSyftet med utredningen var att utv\u00e4rdera 2006 \u00e5rs v\u00e5rdnadsreform och unders\u00f6ka hur reglerna om v\u00e5rdnad, boende och umg\u00e4nge till\u00e4mpas samt ta st\u00e4llning till om de beh\u00f6ver \u00e4ndras f\u00f6r att st\u00e4rka barnr\u00e4ttsperspektivet.<\/p>\n","protected":false},"author":1,"featured_media":0,"comment_status":"open","ping_status":"closed","sticky":false,"template":"","format":"standard","meta":{"_acf_changed":false,"footnotes":""},"categories":[21],"tags":[],"class_list":["post-3723","post","type-post","status-publish","format-standard","hentry","category-blogg"],"acf":[],"yoast_head":"<!-- This site is optimized with the Yoast SEO plugin v27.5 - https:\/\/yoast.com\/product\/yoast-seo-wordpress\/ -->\n<title>Se barnet! - Insulander Lindh Advokatbyr\u00e5<\/title>\n<meta name=\"robots\" content=\"index, follow, max-snippet:-1, max-image-preview:large, max-video-preview:-1\" \/>\n<link rel=\"canonical\" href=\"https:\/\/www.insulander-advokat.se\/blogg\/se-barnet\/\" \/>\n<meta property=\"og:locale\" content=\"sv_SE\" \/>\n<meta property=\"og:type\" content=\"article\" \/>\n<meta property=\"og:title\" content=\"Se barnet! - Insulander Lindh Advokatbyr\u00e5\" \/>\n<meta property=\"og:description\" content=\"I februari 2017 blev bet\u00e4nkandet Se barnet! (SOU 2017:6) klar och \u00f6verl\u00e4mnades till Regeringen. Syftet med utredningen var att utv\u00e4rdera 2006 \u00e5rs v\u00e5rdnadsreform och unders\u00f6ka hur reglerna om v\u00e5rdnad, boende och umg\u00e4nge till\u00e4mpas samt ta st\u00e4llning till om de beh\u00f6ver \u00e4ndras f\u00f6r att st\u00e4rka barnr\u00e4ttsperspektivet.\" \/>\n<meta property=\"og:url\" content=\"https:\/\/www.insulander-advokat.se\/blogg\/se-barnet\/\" \/>\n<meta property=\"og:site_name\" content=\"Insulander Lindh Advokatbyr\u00e5\" \/>\n<meta property=\"article:published_time\" content=\"2017-05-05T16:18:27+00:00\" \/>\n<meta property=\"article:modified_time\" content=\"2023-04-05T14:37:03+00:00\" \/>\n<meta name=\"author\" content=\"jorgen@soderqvistproduction.se\" \/>\n<meta name=\"twitter:card\" content=\"summary_large_image\" \/>\n<meta name=\"twitter:label1\" content=\"Skriven av\" \/>\n\t<meta name=\"twitter:data1\" content=\"jorgen@soderqvistproduction.se\" \/>\n\t<meta name=\"twitter:label2\" content=\"Ber\u00e4knad l\u00e4stid\" \/>\n\t<meta name=\"twitter:data2\" content=\"3 minuter\" \/>\n<script type=\"application\/ld+json\" class=\"yoast-schema-graph\">{\"@context\":\"https:\\\/\\\/schema.org\",\"@graph\":[{\"@type\":\"Article\",\"@id\":\"https:\\\/\\\/www.insulander-advokat.se\\\/blogg\\\/se-barnet\\\/#article\",\"isPartOf\":{\"@id\":\"https:\\\/\\\/www.insulander-advokat.se\\\/blogg\\\/se-barnet\\\/\"},\"author\":{\"name\":\"jorgen@soderqvistproduction.se\",\"@id\":\"https:\\\/\\\/www.insulander-advokat.se\\\/#\\\/schema\\\/person\\\/2875ff8aee44741a0ccc63bc19395541\"},\"headline\":\"Se barnet!\",\"datePublished\":\"2017-05-05T16:18:27+00:00\",\"dateModified\":\"2023-04-05T14:37:03+00:00\",\"mainEntityOfPage\":{\"@id\":\"https:\\\/\\\/www.insulander-advokat.se\\\/blogg\\\/se-barnet\\\/\"},\"wordCount\":525,\"commentCount\":0,\"articleSection\":[\"Blogg\"],\"inLanguage\":\"sv-SE\",\"potentialAction\":[{\"@type\":\"CommentAction\",\"name\":\"Comment\",\"target\":[\"https:\\\/\\\/www.insulander-advokat.se\\\/blogg\\\/se-barnet\\\/#respond\"]}]},{\"@type\":\"WebPage\",\"@id\":\"https:\\\/\\\/www.insulander-advokat.se\\\/blogg\\\/se-barnet\\\/\",\"url\":\"https:\\\/\\\/www.insulander-advokat.se\\\/blogg\\\/se-barnet\\\/\",\"name\":\"Se barnet! - Insulander Lindh Advokatbyr\u00e5\",\"isPartOf\":{\"@id\":\"https:\\\/\\\/www.insulander-advokat.se\\\/#website\"},\"datePublished\":\"2017-05-05T16:18:27+00:00\",\"dateModified\":\"2023-04-05T14:37:03+00:00\",\"author\":{\"@id\":\"https:\\\/\\\/www.insulander-advokat.se\\\/#\\\/schema\\\/person\\\/2875ff8aee44741a0ccc63bc19395541\"},\"breadcrumb\":{\"@id\":\"https:\\\/\\\/www.insulander-advokat.se\\\/blogg\\\/se-barnet\\\/#breadcrumb\"},\"inLanguage\":\"sv-SE\",\"potentialAction\":[{\"@type\":\"ReadAction\",\"target\":[\"https:\\\/\\\/www.insulander-advokat.se\\\/blogg\\\/se-barnet\\\/\"]}]},{\"@type\":\"BreadcrumbList\",\"@id\":\"https:\\\/\\\/www.insulander-advokat.se\\\/blogg\\\/se-barnet\\\/#breadcrumb\",\"itemListElement\":[{\"@type\":\"ListItem\",\"position\":1,\"name\":\"Hem\",\"item\":\"https:\\\/\\\/www.insulander-advokat.se\\\/\"},{\"@type\":\"ListItem\",\"position\":2,\"name\":\"Se barnet!\"}]},{\"@type\":\"WebSite\",\"@id\":\"https:\\\/\\\/www.insulander-advokat.se\\\/#website\",\"url\":\"https:\\\/\\\/www.insulander-advokat.se\\\/\",\"name\":\"Insulander Lindh Advokatbyr\u00e5\",\"description\":\"\",\"potentialAction\":[{\"@type\":\"SearchAction\",\"target\":{\"@type\":\"EntryPoint\",\"urlTemplate\":\"https:\\\/\\\/www.insulander-advokat.se\\\/?s={search_term_string}\"},\"query-input\":{\"@type\":\"PropertyValueSpecification\",\"valueRequired\":true,\"valueName\":\"search_term_string\"}}],\"inLanguage\":\"sv-SE\"},{\"@type\":\"Person\",\"@id\":\"https:\\\/\\\/www.insulander-advokat.se\\\/#\\\/schema\\\/person\\\/2875ff8aee44741a0ccc63bc19395541\",\"name\":\"jorgen@soderqvistproduction.se\",\"image\":{\"@type\":\"ImageObject\",\"inLanguage\":\"sv-SE\",\"@id\":\"https:\\\/\\\/secure.gravatar.com\\\/avatar\\\/ad15824aa085c5513fd3a56a2b5f5f248b6c42a4e46e4e4229926149cf9b3b12?s=96&d=mm&r=g\",\"url\":\"https:\\\/\\\/secure.gravatar.com\\\/avatar\\\/ad15824aa085c5513fd3a56a2b5f5f248b6c42a4e46e4e4229926149cf9b3b12?s=96&d=mm&r=g\",\"contentUrl\":\"https:\\\/\\\/secure.gravatar.com\\\/avatar\\\/ad15824aa085c5513fd3a56a2b5f5f248b6c42a4e46e4e4229926149cf9b3b12?s=96&d=mm&r=g\",\"caption\":\"jorgen@soderqvistproduction.se\"},\"sameAs\":[\"http:\\\/\\\/localhost:8080\"],\"url\":\"https:\\\/\\\/www.insulander-advokat.se\\\/blogg\\\/author\\\/jorgensoderqvistproduction-se\\\/\"}]}<\/script>\n<!-- \/ Yoast SEO plugin. -->","yoast_head_json":{"title":"Se barnet! - Insulander Lindh Advokatbyr\u00e5","robots":{"index":"index","follow":"follow","max-snippet":"max-snippet:-1","max-image-preview":"max-image-preview:large","max-video-preview":"max-video-preview:-1"},"canonical":"https:\/\/www.insulander-advokat.se\/blogg\/se-barnet\/","og_locale":"sv_SE","og_type":"article","og_title":"Se barnet! - Insulander Lindh Advokatbyr\u00e5","og_description":"I februari 2017 blev bet\u00e4nkandet Se barnet! (SOU 2017:6) klar och \u00f6verl\u00e4mnades till Regeringen. Syftet med utredningen var att utv\u00e4rdera 2006 \u00e5rs v\u00e5rdnadsreform och unders\u00f6ka hur reglerna om v\u00e5rdnad, boende och umg\u00e4nge till\u00e4mpas samt ta st\u00e4llning till om de beh\u00f6ver \u00e4ndras f\u00f6r att st\u00e4rka barnr\u00e4ttsperspektivet.","og_url":"https:\/\/www.insulander-advokat.se\/blogg\/se-barnet\/","og_site_name":"Insulander Lindh Advokatbyr\u00e5","article_published_time":"2017-05-05T16:18:27+00:00","article_modified_time":"2023-04-05T14:37:03+00:00","author":"jorgen@soderqvistproduction.se","twitter_card":"summary_large_image","twitter_misc":{"Skriven av":"jorgen@soderqvistproduction.se","Ber\u00e4knad l\u00e4stid":"3 minuter"},"schema":{"@context":"https:\/\/schema.org","@graph":[{"@type":"Article","@id":"https:\/\/www.insulander-advokat.se\/blogg\/se-barnet\/#article","isPartOf":{"@id":"https:\/\/www.insulander-advokat.se\/blogg\/se-barnet\/"},"author":{"name":"jorgen@soderqvistproduction.se","@id":"https:\/\/www.insulander-advokat.se\/#\/schema\/person\/2875ff8aee44741a0ccc63bc19395541"},"headline":"Se barnet!","datePublished":"2017-05-05T16:18:27+00:00","dateModified":"2023-04-05T14:37:03+00:00","mainEntityOfPage":{"@id":"https:\/\/www.insulander-advokat.se\/blogg\/se-barnet\/"},"wordCount":525,"commentCount":0,"articleSection":["Blogg"],"inLanguage":"sv-SE","potentialAction":[{"@type":"CommentAction","name":"Comment","target":["https:\/\/www.insulander-advokat.se\/blogg\/se-barnet\/#respond"]}]},{"@type":"WebPage","@id":"https:\/\/www.insulander-advokat.se\/blogg\/se-barnet\/","url":"https:\/\/www.insulander-advokat.se\/blogg\/se-barnet\/","name":"Se barnet! - Insulander Lindh Advokatbyr\u00e5","isPartOf":{"@id":"https:\/\/www.insulander-advokat.se\/#website"},"datePublished":"2017-05-05T16:18:27+00:00","dateModified":"2023-04-05T14:37:03+00:00","author":{"@id":"https:\/\/www.insulander-advokat.se\/#\/schema\/person\/2875ff8aee44741a0ccc63bc19395541"},"breadcrumb":{"@id":"https:\/\/www.insulander-advokat.se\/blogg\/se-barnet\/#breadcrumb"},"inLanguage":"sv-SE","potentialAction":[{"@type":"ReadAction","target":["https:\/\/www.insulander-advokat.se\/blogg\/se-barnet\/"]}]},{"@type":"BreadcrumbList","@id":"https:\/\/www.insulander-advokat.se\/blogg\/se-barnet\/#breadcrumb","itemListElement":[{"@type":"ListItem","position":1,"name":"Hem","item":"https:\/\/www.insulander-advokat.se\/"},{"@type":"ListItem","position":2,"name":"Se barnet!"}]},{"@type":"WebSite","@id":"https:\/\/www.insulander-advokat.se\/#website","url":"https:\/\/www.insulander-advokat.se\/","name":"Insulander Lindh Advokatbyr\u00e5","description":"","potentialAction":[{"@type":"SearchAction","target":{"@type":"EntryPoint","urlTemplate":"https:\/\/www.insulander-advokat.se\/?s={search_term_string}"},"query-input":{"@type":"PropertyValueSpecification","valueRequired":true,"valueName":"search_term_string"}}],"inLanguage":"sv-SE"},{"@type":"Person","@id":"https:\/\/www.insulander-advokat.se\/#\/schema\/person\/2875ff8aee44741a0ccc63bc19395541","name":"jorgen@soderqvistproduction.se","image":{"@type":"ImageObject","inLanguage":"sv-SE","@id":"https:\/\/secure.gravatar.com\/avatar\/ad15824aa085c5513fd3a56a2b5f5f248b6c42a4e46e4e4229926149cf9b3b12?s=96&d=mm&r=g","url":"https:\/\/secure.gravatar.com\/avatar\/ad15824aa085c5513fd3a56a2b5f5f248b6c42a4e46e4e4229926149cf9b3b12?s=96&d=mm&r=g","contentUrl":"https:\/\/secure.gravatar.com\/avatar\/ad15824aa085c5513fd3a56a2b5f5f248b6c42a4e46e4e4229926149cf9b3b12?s=96&d=mm&r=g","caption":"jorgen@soderqvistproduction.se"},"sameAs":["http:\/\/localhost:8080"],"url":"https:\/\/www.insulander-advokat.se\/blogg\/author\/jorgensoderqvistproduction-se\/"}]}},"_links":{"self":[{"href":"https:\/\/www.insulander-advokat.se\/api\/wp\/v2\/posts\/3723","targetHints":{"allow":["GET"]}}],"collection":[{"href":"https:\/\/www.insulander-advokat.se\/api\/wp\/v2\/posts"}],"about":[{"href":"https:\/\/www.insulander-advokat.se\/api\/wp\/v2\/types\/post"}],"author":[{"embeddable":true,"href":"https:\/\/www.insulander-advokat.se\/api\/wp\/v2\/users\/1"}],"replies":[{"embeddable":true,"href":"https:\/\/www.insulander-advokat.se\/api\/wp\/v2\/comments?post=3723"}],"version-history":[{"count":1,"href":"https:\/\/www.insulander-advokat.se\/api\/wp\/v2\/posts\/3723\/revisions"}],"predecessor-version":[{"id":4192,"href":"https:\/\/www.insulander-advokat.se\/api\/wp\/v2\/posts\/3723\/revisions\/4192"}],"wp:attachment":[{"href":"https:\/\/www.insulander-advokat.se\/api\/wp\/v2\/media?parent=3723"}],"wp:term":[{"taxonomy":"category","embeddable":true,"href":"https:\/\/www.insulander-advokat.se\/api\/wp\/v2\/categories?post=3723"},{"taxonomy":"post_tag","embeddable":true,"href":"https:\/\/www.insulander-advokat.se\/api\/wp\/v2\/tags?post=3723"}],"curies":[{"name":"wp","href":"https:\/\/api.w.org\/{rel}","templated":true}]}}