{"id":3725,"date":"2017-09-29T18:18:00","date_gmt":"2017-09-29T16:18:00","guid":{"rendered":"http:\/\/localhost:8080\/hjalp-mitt-barn-blir-krankt-pa-natet\/"},"modified":"2023-04-05T10:16:25","modified_gmt":"2023-04-05T08:16:25","slug":"hjalp-mitt-barn-blir-krankt-pa-natet","status":"publish","type":"post","link":"https:\/\/www.insulander-advokat.se\/blogg\/hjalp-mitt-barn-blir-krankt-pa-natet\/","title":{"rendered":"Hj\u00e4lp, mitt barn blir kr\u00e4nkt p\u00e5 n\u00e4tet!"},"content":{"rendered":"<p>Som jurist har jag under \u00e5rens lopp kommit i kontakt med m\u00e5nga barn och ungdomar som har blivit utsatta p\u00e5 olika s\u00e4tt. Det kan vara genom fysiska p\u00e5hopp som slag och sparkar men det kan ocks\u00e5 handla om mindre synliga attacker i form av n\u00e4tkr\u00e4nkningar i sociala medier. F\u00f6r\u00e4ldrar jag talat med har med gr\u00e5ten i halsen beskrivit maktl\u00f6sheten \u00f6ver att inte kunna hj\u00e4lpa sitt barn p\u00e5 n\u00e4tet d\u00e5 de f\u00f6rst i efterhand insett vidden av kr\u00e4nkningarna som barnet varit utsatt f\u00f6r p\u00e5 Facebook, KiK eller Snapchat.<\/p>\n<p>Av antimobbningsorganisationen Friends n\u00e4trapport 2017 framkommer att 35 % av barnen i unders\u00f6kningen blivit utsatta f\u00f6r n\u00e4tkr\u00e4nkningar n\u00e5gon g\u00e5ng under det senaste \u00e5ret. Kr\u00e4nkningarna kom fr\u00e5n andra barn men \u00e4ven vuxna och skedde p\u00e5 plattformar som bland annat Instagram, KiK, Whatsapp, Snapchat och Facebook. Det handlade om ryktesspridning om barnet, spridning av o\u00f6nskade bilder p\u00e5 barnet, att barnet f\u00e5tt bilder och filmer med sexuellt inneh\u00e5ll skickat till sig eller att n\u00e5gon skickat neds\u00e4ttande kommentarer om barnets utseende eller person via n\u00e4tet. Av de barn som utsatts visste sju av tio vem det var som kr\u00e4nkt och n\u00e4thatat dem. Trots det tror m\u00e5nga barn att vuxna inte kan g\u00f6ra n\u00e5got f\u00f6r att stoppa kr\u00e4nkningarna och att det bara \u00e4r s\u00e5 det \u00e4r p\u00e5 n\u00e4tet.<\/p>\n<p>Som jurist vet jag att det finns hopp och att n\u00e4tkr\u00e4kningar g\u00e5r att stoppa. Men vad ska man g\u00f6ra?<\/p>\n<p>F\u00f6rst och fr\u00e4mst, ha ett eget liv p\u00e5 n\u00e4tet och <strong><em>utforska plattformarna<\/em><\/strong> d\u00e4r ditt barn vistas. Hur funkar Snapchat? Vad \u00e4r KiK? Ta reda p\u00e5 det!<\/p>\n<p><em><strong>Prata hemma om vad som h\u00e4nder p\u00e5 n\u00e4tet.<\/strong> <\/em>Visa barnet att du f\u00f6rst\u00e5r att det som h\u00e4nder p\u00e5 n\u00e4tet \u00e4r lika verkligt som det som h\u00e4nder p\u00e5 skolg\u00e5rden eller i omkl\u00e4dningsrummet efter tr\u00e4ningen. Be ditt barn visa sina plattformar f\u00f6r dig. G\u00e5 igenom inst\u00e4llningar etc tillsammans. Finns det en person som barnet inte vet vem det \u00e4r bland \u201df\u00f6ljarna\u201d? Blocka den personen.<\/p>\n<p><em><strong>Erbjud ditt st\u00f6d<\/strong><\/em> och visa med ord och handling att du finns d\u00e4r om n\u00e5got h\u00e4nder. Sju av tio barn i Friends unders\u00f6kning uppgav att de skulle be en vuxen hemma om hj\u00e4lp om de skulle bli kr\u00e4nkta p\u00e5 n\u00e4tet. Om ditt barn ber\u00e4ttar, visa att du inte accepterar n\u00e4tkr\u00e4nkningar. S\u00e4g att det inte \u00e4r ditt barns fel och var tydlig med att du st\u00e5r p\u00e5 ditt barns sida.<\/p>\n<p><strong><em>Dokumentera kr\u00e4nkningarna,<\/em><\/strong> exempelvis genom sk\u00e4rmdumpar, bilder, utskrifter m.m. Beroende p\u00e5 vad som h\u00e4nt kan det vara fr\u00e5ga om brott. Det kan exempelvis r\u00f6ra sig om <em>olaga hot<\/em> (BrB 4 kap 5 \u00a7), <em>f\u00f6rtal<\/em> (BrB 5 kap 1 \u00a7), <em>kr\u00e4nkande fotografering<\/em> (BrB 6 kap 6A\u00a7) eller <em>kontakt med barn i sexuellt syfte<\/em> (BrB 6 kap 5 \u00a7). Fundera p\u00e5 om du som f\u00f6r\u00e4lder ska polisanm\u00e4la n\u00e4tkr\u00e4nkningen. Om du \u00e4r os\u00e4ker p\u00e5 dina alternativ, ta kontakt med en jurist eller advokat f\u00f6r r\u00e5dgivning.<\/p>\n<p>Om det \u00e4r ett annat barn som kr\u00e4nkt, <strong><em>kontakta barnets f\u00f6r\u00e4ldrar<\/em><\/strong>. Ber\u00e4tta vad som h\u00e4nt.<\/p>\n<p>Om det finns <strong><em>kopplingar till skolan<\/em><\/strong>, skicka e-post till klassl\u00e4rare\/mentor, rektor och skolans huvudman (den som driver skolan) och ber\u00e4tta vad som h\u00e4nt. Boka ett m\u00f6te, fr\u00e5ga om personalen har sett kr\u00e4nkningar mellan eleverna? Om ja, beg\u00e4r en handlingsplan fr\u00e5n skolan. F\u00f6rs\u00f6k hitta l\u00f6sningar tillsammans. <em>Observera<\/em> att skolan \u00e4r skyldig att agera \u00e4ven om n\u00e4tkr\u00e4nkningarna skett p\u00e5 fritiden om det finns en koppling till skolans verksamhet. Det kan exempelvis vara om b\u00e5da barnen g\u00e5r i samma skola och kr\u00e4nkningar\/mobbning \u00e4ven sker i skolan.<\/p>\n<p><strong><em>F\u00f6lj upp med ditt barn<\/em><\/strong> och forts\u00e4tt prata om vad som h\u00e4nder p\u00e5 n\u00e4tet. Trygga vuxna \u00e4r de b\u00e4sta f\u00f6rebilderna och vi m\u00e5ste se till att barn och unga kan lita p\u00e5 att de f\u00e5r st\u00f6d n\u00e4r det stormar p\u00e5 n\u00e4tet.<\/p>\n<p>Elisabeth Scholander<\/p>\n","protected":false},"excerpt":{"rendered":"<p>Som jurist har jag under \u00e5rens lopp kommit i kontakt med m\u00e5nga barn och ungdomar som har blivit utsatta p\u00e5 olika s\u00e4tt. Det kan vara genom fysiska p\u00e5hopp men det kan ocks\u00e5 handla om n\u00e4tkr\u00e4nkningar i sociala medier. F\u00f6r\u00e4ldrar jag talat med har med gr\u00e5ten i halsen beskrivit maktl\u00f6sheten \u00f6ver att inte kunna hj\u00e4lpa sitt barn p\u00e5 n\u00e4tet d\u00e5 de f\u00f6rst i efterhand insett vidden av kr\u00e4nkningarna.<\/p>\n","protected":false},"author":1,"featured_media":3840,"comment_status":"open","ping_status":"closed","sticky":false,"template":"","format":"standard","meta":{"_acf_changed":false,"footnotes":""},"categories":[21],"tags":[],"class_list":["post-3725","post","type-post","status-publish","format-standard","has-post-thumbnail","hentry","category-blogg"],"acf":[],"yoast_head":"<!-- This site is optimized with the Yoast SEO plugin v27.5 - https:\/\/yoast.com\/product\/yoast-seo-wordpress\/ -->\n<title>Hj\u00e4lp, mitt barn blir kr\u00e4nkt p\u00e5 n\u00e4tet! - Insulander Lindh Advokatbyr\u00e5<\/title>\n<meta name=\"robots\" content=\"index, follow, max-snippet:-1, max-image-preview:large, max-video-preview:-1\" \/>\n<link rel=\"canonical\" href=\"https:\/\/www.insulander-advokat.se\/blogg\/hjalp-mitt-barn-blir-krankt-pa-natet\/\" \/>\n<meta property=\"og:locale\" content=\"sv_SE\" \/>\n<meta property=\"og:type\" content=\"article\" \/>\n<meta property=\"og:title\" content=\"Hj\u00e4lp, mitt barn blir kr\u00e4nkt p\u00e5 n\u00e4tet! - Insulander Lindh Advokatbyr\u00e5\" \/>\n<meta property=\"og:description\" content=\"Som jurist har jag under \u00e5rens lopp kommit i kontakt med m\u00e5nga barn och ungdomar som har blivit utsatta p\u00e5 olika s\u00e4tt. Det kan vara genom fysiska p\u00e5hopp men det kan ocks\u00e5 handla om n\u00e4tkr\u00e4nkningar i sociala medier. F\u00f6r\u00e4ldrar jag talat med har med gr\u00e5ten i halsen beskrivit maktl\u00f6sheten \u00f6ver att inte kunna hj\u00e4lpa sitt barn p\u00e5 n\u00e4tet d\u00e5 de f\u00f6rst i efterhand insett vidden av kr\u00e4nkningarna.\" \/>\n<meta property=\"og:url\" content=\"https:\/\/www.insulander-advokat.se\/blogg\/hjalp-mitt-barn-blir-krankt-pa-natet\/\" \/>\n<meta property=\"og:site_name\" content=\"Insulander Lindh Advokatbyr\u00e5\" \/>\n<meta property=\"article:published_time\" content=\"2017-09-29T16:18:00+00:00\" \/>\n<meta property=\"article:modified_time\" content=\"2023-04-05T08:16:25+00:00\" \/>\n<meta property=\"og:image\" content=\"https:\/\/www.insulander-advokat.se\/wp-content\/uploads\/2023\/02\/kvinna-sitter-vid-datorn.png\" \/>\n\t<meta property=\"og:image:width\" content=\"500\" \/>\n\t<meta property=\"og:image:height\" content=\"500\" \/>\n\t<meta property=\"og:image:type\" content=\"image\/png\" \/>\n<meta name=\"author\" content=\"jorgen@soderqvistproduction.se\" \/>\n<meta name=\"twitter:card\" content=\"summary_large_image\" \/>\n<meta name=\"twitter:label1\" content=\"Skriven av\" \/>\n\t<meta name=\"twitter:data1\" content=\"jorgen@soderqvistproduction.se\" \/>\n\t<meta name=\"twitter:label2\" content=\"Ber\u00e4knad l\u00e4stid\" \/>\n\t<meta name=\"twitter:data2\" content=\"4 minuter\" \/>\n<script type=\"application\/ld+json\" class=\"yoast-schema-graph\">{\"@context\":\"https:\\\/\\\/schema.org\",\"@graph\":[{\"@type\":\"Article\",\"@id\":\"https:\\\/\\\/www.insulander-advokat.se\\\/blogg\\\/hjalp-mitt-barn-blir-krankt-pa-natet\\\/#article\",\"isPartOf\":{\"@id\":\"https:\\\/\\\/www.insulander-advokat.se\\\/blogg\\\/hjalp-mitt-barn-blir-krankt-pa-natet\\\/\"},\"author\":{\"name\":\"jorgen@soderqvistproduction.se\",\"@id\":\"https:\\\/\\\/www.insulander-advokat.se\\\/#\\\/schema\\\/person\\\/2875ff8aee44741a0ccc63bc19395541\"},\"headline\":\"Hj\u00e4lp, mitt barn blir kr\u00e4nkt p\u00e5 n\u00e4tet!\",\"datePublished\":\"2017-09-29T16:18:00+00:00\",\"dateModified\":\"2023-04-05T08:16:25+00:00\",\"mainEntityOfPage\":{\"@id\":\"https:\\\/\\\/www.insulander-advokat.se\\\/blogg\\\/hjalp-mitt-barn-blir-krankt-pa-natet\\\/\"},\"wordCount\":726,\"commentCount\":0,\"image\":{\"@id\":\"https:\\\/\\\/www.insulander-advokat.se\\\/blogg\\\/hjalp-mitt-barn-blir-krankt-pa-natet\\\/#primaryimage\"},\"thumbnailUrl\":\"https:\\\/\\\/www.insulander-advokat.se\\\/wp-content\\\/uploads\\\/2023\\\/02\\\/kvinna-sitter-vid-datorn.png\",\"articleSection\":[\"Blogg\"],\"inLanguage\":\"sv-SE\",\"potentialAction\":[{\"@type\":\"CommentAction\",\"name\":\"Comment\",\"target\":[\"https:\\\/\\\/www.insulander-advokat.se\\\/blogg\\\/hjalp-mitt-barn-blir-krankt-pa-natet\\\/#respond\"]}]},{\"@type\":\"WebPage\",\"@id\":\"https:\\\/\\\/www.insulander-advokat.se\\\/blogg\\\/hjalp-mitt-barn-blir-krankt-pa-natet\\\/\",\"url\":\"https:\\\/\\\/www.insulander-advokat.se\\\/blogg\\\/hjalp-mitt-barn-blir-krankt-pa-natet\\\/\",\"name\":\"Hj\u00e4lp, mitt barn blir kr\u00e4nkt p\u00e5 n\u00e4tet! - Insulander Lindh Advokatbyr\u00e5\",\"isPartOf\":{\"@id\":\"https:\\\/\\\/www.insulander-advokat.se\\\/#website\"},\"primaryImageOfPage\":{\"@id\":\"https:\\\/\\\/www.insulander-advokat.se\\\/blogg\\\/hjalp-mitt-barn-blir-krankt-pa-natet\\\/#primaryimage\"},\"image\":{\"@id\":\"https:\\\/\\\/www.insulander-advokat.se\\\/blogg\\\/hjalp-mitt-barn-blir-krankt-pa-natet\\\/#primaryimage\"},\"thumbnailUrl\":\"https:\\\/\\\/www.insulander-advokat.se\\\/wp-content\\\/uploads\\\/2023\\\/02\\\/kvinna-sitter-vid-datorn.png\",\"datePublished\":\"2017-09-29T16:18:00+00:00\",\"dateModified\":\"2023-04-05T08:16:25+00:00\",\"author\":{\"@id\":\"https:\\\/\\\/www.insulander-advokat.se\\\/#\\\/schema\\\/person\\\/2875ff8aee44741a0ccc63bc19395541\"},\"breadcrumb\":{\"@id\":\"https:\\\/\\\/www.insulander-advokat.se\\\/blogg\\\/hjalp-mitt-barn-blir-krankt-pa-natet\\\/#breadcrumb\"},\"inLanguage\":\"sv-SE\",\"potentialAction\":[{\"@type\":\"ReadAction\",\"target\":[\"https:\\\/\\\/www.insulander-advokat.se\\\/blogg\\\/hjalp-mitt-barn-blir-krankt-pa-natet\\\/\"]}]},{\"@type\":\"ImageObject\",\"inLanguage\":\"sv-SE\",\"@id\":\"https:\\\/\\\/www.insulander-advokat.se\\\/blogg\\\/hjalp-mitt-barn-blir-krankt-pa-natet\\\/#primaryimage\",\"url\":\"https:\\\/\\\/www.insulander-advokat.se\\\/wp-content\\\/uploads\\\/2023\\\/02\\\/kvinna-sitter-vid-datorn.png\",\"contentUrl\":\"https:\\\/\\\/www.insulander-advokat.se\\\/wp-content\\\/uploads\\\/2023\\\/02\\\/kvinna-sitter-vid-datorn.png\",\"width\":500,\"height\":500},{\"@type\":\"BreadcrumbList\",\"@id\":\"https:\\\/\\\/www.insulander-advokat.se\\\/blogg\\\/hjalp-mitt-barn-blir-krankt-pa-natet\\\/#breadcrumb\",\"itemListElement\":[{\"@type\":\"ListItem\",\"position\":1,\"name\":\"Hem\",\"item\":\"https:\\\/\\\/www.insulander-advokat.se\\\/\"},{\"@type\":\"ListItem\",\"position\":2,\"name\":\"Hj\u00e4lp, mitt barn blir kr\u00e4nkt p\u00e5 n\u00e4tet!\"}]},{\"@type\":\"WebSite\",\"@id\":\"https:\\\/\\\/www.insulander-advokat.se\\\/#website\",\"url\":\"https:\\\/\\\/www.insulander-advokat.se\\\/\",\"name\":\"Insulander Lindh Advokatbyr\u00e5\",\"description\":\"\",\"potentialAction\":[{\"@type\":\"SearchAction\",\"target\":{\"@type\":\"EntryPoint\",\"urlTemplate\":\"https:\\\/\\\/www.insulander-advokat.se\\\/?s={search_term_string}\"},\"query-input\":{\"@type\":\"PropertyValueSpecification\",\"valueRequired\":true,\"valueName\":\"search_term_string\"}}],\"inLanguage\":\"sv-SE\"},{\"@type\":\"Person\",\"@id\":\"https:\\\/\\\/www.insulander-advokat.se\\\/#\\\/schema\\\/person\\\/2875ff8aee44741a0ccc63bc19395541\",\"name\":\"jorgen@soderqvistproduction.se\",\"image\":{\"@type\":\"ImageObject\",\"inLanguage\":\"sv-SE\",\"@id\":\"https:\\\/\\\/secure.gravatar.com\\\/avatar\\\/ad15824aa085c5513fd3a56a2b5f5f248b6c42a4e46e4e4229926149cf9b3b12?s=96&d=mm&r=g\",\"url\":\"https:\\\/\\\/secure.gravatar.com\\\/avatar\\\/ad15824aa085c5513fd3a56a2b5f5f248b6c42a4e46e4e4229926149cf9b3b12?s=96&d=mm&r=g\",\"contentUrl\":\"https:\\\/\\\/secure.gravatar.com\\\/avatar\\\/ad15824aa085c5513fd3a56a2b5f5f248b6c42a4e46e4e4229926149cf9b3b12?s=96&d=mm&r=g\",\"caption\":\"jorgen@soderqvistproduction.se\"},\"sameAs\":[\"http:\\\/\\\/localhost:8080\"],\"url\":\"https:\\\/\\\/www.insulander-advokat.se\\\/blogg\\\/author\\\/jorgensoderqvistproduction-se\\\/\"}]}<\/script>\n<!-- \/ Yoast SEO plugin. -->","yoast_head_json":{"title":"Hj\u00e4lp, mitt barn blir kr\u00e4nkt p\u00e5 n\u00e4tet! - Insulander Lindh Advokatbyr\u00e5","robots":{"index":"index","follow":"follow","max-snippet":"max-snippet:-1","max-image-preview":"max-image-preview:large","max-video-preview":"max-video-preview:-1"},"canonical":"https:\/\/www.insulander-advokat.se\/blogg\/hjalp-mitt-barn-blir-krankt-pa-natet\/","og_locale":"sv_SE","og_type":"article","og_title":"Hj\u00e4lp, mitt barn blir kr\u00e4nkt p\u00e5 n\u00e4tet! - Insulander Lindh Advokatbyr\u00e5","og_description":"Som jurist har jag under \u00e5rens lopp kommit i kontakt med m\u00e5nga barn och ungdomar som har blivit utsatta p\u00e5 olika s\u00e4tt. Det kan vara genom fysiska p\u00e5hopp men det kan ocks\u00e5 handla om n\u00e4tkr\u00e4nkningar i sociala medier. F\u00f6r\u00e4ldrar jag talat med har med gr\u00e5ten i halsen beskrivit maktl\u00f6sheten \u00f6ver att inte kunna hj\u00e4lpa sitt barn p\u00e5 n\u00e4tet d\u00e5 de f\u00f6rst i efterhand insett vidden av kr\u00e4nkningarna.","og_url":"https:\/\/www.insulander-advokat.se\/blogg\/hjalp-mitt-barn-blir-krankt-pa-natet\/","og_site_name":"Insulander Lindh Advokatbyr\u00e5","article_published_time":"2017-09-29T16:18:00+00:00","article_modified_time":"2023-04-05T08:16:25+00:00","og_image":[{"width":500,"height":500,"url":"https:\/\/www.insulander-advokat.se\/wp-content\/uploads\/2023\/02\/kvinna-sitter-vid-datorn.png","type":"image\/png"}],"author":"jorgen@soderqvistproduction.se","twitter_card":"summary_large_image","twitter_misc":{"Skriven av":"jorgen@soderqvistproduction.se","Ber\u00e4knad l\u00e4stid":"4 minuter"},"schema":{"@context":"https:\/\/schema.org","@graph":[{"@type":"Article","@id":"https:\/\/www.insulander-advokat.se\/blogg\/hjalp-mitt-barn-blir-krankt-pa-natet\/#article","isPartOf":{"@id":"https:\/\/www.insulander-advokat.se\/blogg\/hjalp-mitt-barn-blir-krankt-pa-natet\/"},"author":{"name":"jorgen@soderqvistproduction.se","@id":"https:\/\/www.insulander-advokat.se\/#\/schema\/person\/2875ff8aee44741a0ccc63bc19395541"},"headline":"Hj\u00e4lp, mitt barn blir kr\u00e4nkt p\u00e5 n\u00e4tet!","datePublished":"2017-09-29T16:18:00+00:00","dateModified":"2023-04-05T08:16:25+00:00","mainEntityOfPage":{"@id":"https:\/\/www.insulander-advokat.se\/blogg\/hjalp-mitt-barn-blir-krankt-pa-natet\/"},"wordCount":726,"commentCount":0,"image":{"@id":"https:\/\/www.insulander-advokat.se\/blogg\/hjalp-mitt-barn-blir-krankt-pa-natet\/#primaryimage"},"thumbnailUrl":"https:\/\/www.insulander-advokat.se\/wp-content\/uploads\/2023\/02\/kvinna-sitter-vid-datorn.png","articleSection":["Blogg"],"inLanguage":"sv-SE","potentialAction":[{"@type":"CommentAction","name":"Comment","target":["https:\/\/www.insulander-advokat.se\/blogg\/hjalp-mitt-barn-blir-krankt-pa-natet\/#respond"]}]},{"@type":"WebPage","@id":"https:\/\/www.insulander-advokat.se\/blogg\/hjalp-mitt-barn-blir-krankt-pa-natet\/","url":"https:\/\/www.insulander-advokat.se\/blogg\/hjalp-mitt-barn-blir-krankt-pa-natet\/","name":"Hj\u00e4lp, mitt barn blir kr\u00e4nkt p\u00e5 n\u00e4tet! - Insulander Lindh Advokatbyr\u00e5","isPartOf":{"@id":"https:\/\/www.insulander-advokat.se\/#website"},"primaryImageOfPage":{"@id":"https:\/\/www.insulander-advokat.se\/blogg\/hjalp-mitt-barn-blir-krankt-pa-natet\/#primaryimage"},"image":{"@id":"https:\/\/www.insulander-advokat.se\/blogg\/hjalp-mitt-barn-blir-krankt-pa-natet\/#primaryimage"},"thumbnailUrl":"https:\/\/www.insulander-advokat.se\/wp-content\/uploads\/2023\/02\/kvinna-sitter-vid-datorn.png","datePublished":"2017-09-29T16:18:00+00:00","dateModified":"2023-04-05T08:16:25+00:00","author":{"@id":"https:\/\/www.insulander-advokat.se\/#\/schema\/person\/2875ff8aee44741a0ccc63bc19395541"},"breadcrumb":{"@id":"https:\/\/www.insulander-advokat.se\/blogg\/hjalp-mitt-barn-blir-krankt-pa-natet\/#breadcrumb"},"inLanguage":"sv-SE","potentialAction":[{"@type":"ReadAction","target":["https:\/\/www.insulander-advokat.se\/blogg\/hjalp-mitt-barn-blir-krankt-pa-natet\/"]}]},{"@type":"ImageObject","inLanguage":"sv-SE","@id":"https:\/\/www.insulander-advokat.se\/blogg\/hjalp-mitt-barn-blir-krankt-pa-natet\/#primaryimage","url":"https:\/\/www.insulander-advokat.se\/wp-content\/uploads\/2023\/02\/kvinna-sitter-vid-datorn.png","contentUrl":"https:\/\/www.insulander-advokat.se\/wp-content\/uploads\/2023\/02\/kvinna-sitter-vid-datorn.png","width":500,"height":500},{"@type":"BreadcrumbList","@id":"https:\/\/www.insulander-advokat.se\/blogg\/hjalp-mitt-barn-blir-krankt-pa-natet\/#breadcrumb","itemListElement":[{"@type":"ListItem","position":1,"name":"Hem","item":"https:\/\/www.insulander-advokat.se\/"},{"@type":"ListItem","position":2,"name":"Hj\u00e4lp, mitt barn blir kr\u00e4nkt p\u00e5 n\u00e4tet!"}]},{"@type":"WebSite","@id":"https:\/\/www.insulander-advokat.se\/#website","url":"https:\/\/www.insulander-advokat.se\/","name":"Insulander Lindh Advokatbyr\u00e5","description":"","potentialAction":[{"@type":"SearchAction","target":{"@type":"EntryPoint","urlTemplate":"https:\/\/www.insulander-advokat.se\/?s={search_term_string}"},"query-input":{"@type":"PropertyValueSpecification","valueRequired":true,"valueName":"search_term_string"}}],"inLanguage":"sv-SE"},{"@type":"Person","@id":"https:\/\/www.insulander-advokat.se\/#\/schema\/person\/2875ff8aee44741a0ccc63bc19395541","name":"jorgen@soderqvistproduction.se","image":{"@type":"ImageObject","inLanguage":"sv-SE","@id":"https:\/\/secure.gravatar.com\/avatar\/ad15824aa085c5513fd3a56a2b5f5f248b6c42a4e46e4e4229926149cf9b3b12?s=96&d=mm&r=g","url":"https:\/\/secure.gravatar.com\/avatar\/ad15824aa085c5513fd3a56a2b5f5f248b6c42a4e46e4e4229926149cf9b3b12?s=96&d=mm&r=g","contentUrl":"https:\/\/secure.gravatar.com\/avatar\/ad15824aa085c5513fd3a56a2b5f5f248b6c42a4e46e4e4229926149cf9b3b12?s=96&d=mm&r=g","caption":"jorgen@soderqvistproduction.se"},"sameAs":["http:\/\/localhost:8080"],"url":"https:\/\/www.insulander-advokat.se\/blogg\/author\/jorgensoderqvistproduction-se\/"}]}},"_links":{"self":[{"href":"https:\/\/www.insulander-advokat.se\/api\/wp\/v2\/posts\/3725","targetHints":{"allow":["GET"]}}],"collection":[{"href":"https:\/\/www.insulander-advokat.se\/api\/wp\/v2\/posts"}],"about":[{"href":"https:\/\/www.insulander-advokat.se\/api\/wp\/v2\/types\/post"}],"author":[{"embeddable":true,"href":"https:\/\/www.insulander-advokat.se\/api\/wp\/v2\/users\/1"}],"replies":[{"embeddable":true,"href":"https:\/\/www.insulander-advokat.se\/api\/wp\/v2\/comments?post=3725"}],"version-history":[{"count":1,"href":"https:\/\/www.insulander-advokat.se\/api\/wp\/v2\/posts\/3725\/revisions"}],"predecessor-version":[{"id":4189,"href":"https:\/\/www.insulander-advokat.se\/api\/wp\/v2\/posts\/3725\/revisions\/4189"}],"wp:featuredmedia":[{"embeddable":true,"href":"https:\/\/www.insulander-advokat.se\/api\/wp\/v2\/media\/3840"}],"wp:attachment":[{"href":"https:\/\/www.insulander-advokat.se\/api\/wp\/v2\/media?parent=3725"}],"wp:term":[{"taxonomy":"category","embeddable":true,"href":"https:\/\/www.insulander-advokat.se\/api\/wp\/v2\/categories?post=3725"},{"taxonomy":"post_tag","embeddable":true,"href":"https:\/\/www.insulander-advokat.se\/api\/wp\/v2\/tags?post=3725"}],"curies":[{"name":"wp","href":"https:\/\/api.w.org\/{rel}","templated":true}]}}