{"id":3731,"date":"2018-04-17T18:18:00","date_gmt":"2018-04-17T16:18:00","guid":{"rendered":"http:\/\/localhost:8080\/barn-som-utsatts-for-brott-och-uppdraget-som-sarskild-foretradare-for-barn\/"},"modified":"2023-04-05T10:07:51","modified_gmt":"2023-04-05T08:07:51","slug":"barn-som-utsatts-for-brott-och-uppdraget-som-sarskild-foretradare-for-barn","status":"publish","type":"post","link":"https:\/\/www.insulander-advokat.se\/blogg\/barn-som-utsatts-for-brott-och-uppdraget-som-sarskild-foretradare-for-barn\/","title":{"rendered":"Barn som utsatts f\u00f6r brott och uppdraget som s\u00e4rskild f\u00f6retr\u00e4dare f\u00f6r barn"},"content":{"rendered":"<p>N\u00e5got som ocks\u00e5 \u00e4r tydligt \u00e4r hur fruktansv\u00e4rt obehagligt personer i utsatta barns omgivning tycker det \u00e4r att v\u00e5ga t\u00e4nka eller tro att det barnen ber\u00e4ttar om faktiskt st\u00e4mmer.<\/p>\n<p>Kan det verkligen vara sant att n\u00e5gon g\u00f6r s\u00e5 som barnet ber\u00e4ttar om mot ett litet barn? Barnet kanske bara har livlig fantasi? Ska man v\u00e5ga fr\u00e5ga barnet mer och ifr\u00e5gas\u00e4tta? L\u00e4gga sig i? Och i s\u00e5 fall hur?<\/p>\n<p>M\u00e5nga klienter jag m\u00f6ter i vuxen \u00e5lder vittnar om hur ingen i deras omgivning stod upp f\u00f6r dem n\u00e4r de var sm\u00e5 och utsattes f\u00f6r v\u00e5ld i hemmet. Grannar, skolpersonal, v\u00e4nner, sl\u00e4ktingar och andra som enligt barnet m\u00e5ste ha sett signaler p\u00e5 att allt inte stod r\u00e4tt till var r\u00e4dda f\u00f6r att l\u00e4gga sig i.&nbsp; N\u00e4r barnet b\u00f6rjade ber\u00e4tta om hur det var hemma blev det tydligt att det var f\u00f6r mycket att hantera f\u00f6r mottagaren och barnet tystnade.<\/p>\n<p>Barn har en absolut r\u00e4tt att inte uts\u00e4ttas f\u00f6r v\u00e5ld eller farliga situationer. Det talas ofta om f\u00f6r\u00e4ldrars r\u00e4ttigheter och allt f\u00f6r s\u00e4llan om barns r\u00e4ttigheter. Barns r\u00e4tt till en trygg uppv\u00e4xt.<\/p>\n<p>Min roll som advokat \u00e4r ibland att vara barnets m\u00e5ls\u00e4gandebitr\u00e4de och i andra situationer \u00e4r jag f\u00f6rordnad som s\u00e4rskild f\u00f6retr\u00e4dare f\u00f6r barnet.<\/p>\n<p>Lagen om s\u00e4rskild f\u00f6retr\u00e4dare f\u00f6r barn tillkom \u00e5r 2000 f\u00f6r att st\u00e4rka barns r\u00e4ttigheter, f\u00f6rb\u00e4ttra f\u00f6ruts\u00e4ttningarna f\u00f6r att utreda misstankar om brott mot barn och givetvis ocks\u00e5 att f\u00f6rhindra att barnet uts\u00e4tts f\u00f6r fortsatta \u00f6vergrepp.<\/p>\n<p>En s\u00e4rskild f\u00f6retr\u00e4dare f\u00f6rordnas n\u00e4r det finns anledning att anta att ett barn har utsatts f\u00f6r ett allvarligt brott och n\u00e4r barnets v\u00e5rdnadshavare eller annan n\u00e4ra anh\u00f6rig (exempelvis f\u00f6r\u00e4lderns sambo) \u00e4r misst\u00e4nkt f\u00f6r brottet. En s\u00e5dan situation skulle givetvis annars vara sv\u00e5r att utreda eftersom det kan t\u00e4nkas att f\u00f6r\u00e4ldern d\u00e5 f\u00f6rsv\u00e5rar utredningen genom att p\u00e5verka eller hota barnet inf\u00f6r f\u00f6rh\u00f6r, v\u00e4gra att ta barnet till polisen f\u00f6r f\u00f6rh\u00f6r osv.<\/p>\n<p>\u00c5klagaren skickar in en beg\u00e4ran till domstol som f\u00f6rordnar en s\u00e4rskild f\u00f6retr\u00e4dare f\u00f6r barnet. Information om att s\u00e5 har skett skickas inte omedelbart till v\u00e5rdnadshavaren utan det sker med viss f\u00f6rdr\u00f6jning.<\/p>\n<p>D\u00e5 jag f\u00f6rordnas av r\u00e4tten som s\u00e4rskild f\u00f6retr\u00e4dare f\u00f6r ett barn \u00e4r mitt uppdrag att tillvarata barnets intressen under en polisutredning och en efterf\u00f6ljande r\u00e4tteg\u00e5ng. Att f\u00f6rbereda barnet f\u00f6r olika situationer som kan uppst\u00e5, vara lyh\u00f6rd p\u00e5 barnets ber\u00e4ttelse, skapa ett f\u00f6rtroende och se till att barnet f\u00e5r b\u00e4sta m\u00f6jliga f\u00f6ruts\u00e4ttningar under utredningen.<\/p>\n<p>Jag har n\u00e4ra kontakter med socialtj\u00e4nst, polis och \u00e5klagare under utredningen och samr\u00e5der ofta med personal p\u00e5 skolan eller f\u00f6rskolan kring barnet. Min roll \u00e4r dock att alltid se till barnets b\u00e4sta och att st\u00e5 upp f\u00f6r det jag anser \u00e4r b\u00e4st f\u00f6r barnet.<\/p>\n<p>Den s\u00e4rskilda f\u00f6retr\u00e4daren tar helt \u00f6ver v\u00e5rdnadshavarnas r\u00e4ttigheter att besluta f\u00f6r barnet n\u00e4r det g\u00e4ller det r\u00e4ttsliga f\u00f6rfarandet. Om och hur barnet ska inst\u00e4lla sig till polisutredning, delta i l\u00e4karunders\u00f6kningar m.m. Jag n\u00e4rvarar vid polisf\u00f6rh\u00f6r och kan ocks\u00e5 framst\u00e4lla skadest\u00e5ndsanspr\u00e5k f\u00f6r barnet vid en r\u00e4tteg\u00e5ng.<\/p>\n<p>Om du har ett barn i din n\u00e4rhet som vill prata eller verkar beh\u00f6va st\u00f6d. V\u00e5ga lyssna.<\/p>\n","protected":false},"excerpt":{"rendered":"<p>N\u00e5got som blir tydligt n\u00e4r man arbetar som ombud och med att f\u00f6retr\u00e4da barn som har utsatts f\u00f6r brott \u00e4r hur otroligt lojala barn ofta \u00e4r mot sina f\u00f6r\u00e4ldrar, sl\u00e4ktingar och familjens v\u00e4nner. Barn \u00e4r helt beroende av att de som ska skydda dem och v\u00e4rna om deras r\u00e4ttigheter vill dem v\u00e4l. Tyv\u00e4rr \u00e4r det inte alltid s\u00e5.<\/p>\n","protected":false},"author":1,"featured_media":0,"comment_status":"open","ping_status":"closed","sticky":false,"template":"","format":"standard","meta":{"_acf_changed":false,"footnotes":""},"categories":[21],"tags":[],"class_list":["post-3731","post","type-post","status-publish","format-standard","hentry","category-blogg"],"acf":[],"yoast_head":"<!-- This site is optimized with the Yoast SEO plugin v27.5 - https:\/\/yoast.com\/product\/yoast-seo-wordpress\/ -->\n<title>Barn som utsatts f\u00f6r brott och uppdraget som s\u00e4rskild f\u00f6retr\u00e4dare f\u00f6r barn - Insulander Lindh Advokatbyr\u00e5<\/title>\n<meta name=\"robots\" content=\"index, follow, max-snippet:-1, max-image-preview:large, max-video-preview:-1\" \/>\n<link rel=\"canonical\" href=\"https:\/\/www.insulander-advokat.se\/blogg\/barn-som-utsatts-for-brott-och-uppdraget-som-sarskild-foretradare-for-barn\/\" \/>\n<meta property=\"og:locale\" content=\"sv_SE\" \/>\n<meta property=\"og:type\" content=\"article\" \/>\n<meta property=\"og:title\" content=\"Barn som utsatts f\u00f6r brott och uppdraget som s\u00e4rskild f\u00f6retr\u00e4dare f\u00f6r barn - Insulander Lindh Advokatbyr\u00e5\" \/>\n<meta property=\"og:description\" content=\"N\u00e5got som blir tydligt n\u00e4r man arbetar som ombud och med att f\u00f6retr\u00e4da barn som har utsatts f\u00f6r brott \u00e4r hur otroligt lojala barn ofta \u00e4r mot sina f\u00f6r\u00e4ldrar, sl\u00e4ktingar och familjens v\u00e4nner. Barn \u00e4r helt beroende av att de som ska skydda dem och v\u00e4rna om deras r\u00e4ttigheter vill dem v\u00e4l. Tyv\u00e4rr \u00e4r det inte alltid s\u00e5.\" \/>\n<meta property=\"og:url\" content=\"https:\/\/www.insulander-advokat.se\/blogg\/barn-som-utsatts-for-brott-och-uppdraget-som-sarskild-foretradare-for-barn\/\" \/>\n<meta property=\"og:site_name\" content=\"Insulander Lindh Advokatbyr\u00e5\" \/>\n<meta property=\"article:published_time\" content=\"2018-04-17T16:18:00+00:00\" \/>\n<meta property=\"article:modified_time\" content=\"2023-04-05T08:07:51+00:00\" \/>\n<meta name=\"author\" content=\"jorgen@soderqvistproduction.se\" \/>\n<meta name=\"twitter:card\" content=\"summary_large_image\" \/>\n<meta name=\"twitter:label1\" content=\"Skriven av\" \/>\n\t<meta name=\"twitter:data1\" content=\"jorgen@soderqvistproduction.se\" \/>\n\t<meta name=\"twitter:label2\" content=\"Ber\u00e4knad l\u00e4stid\" \/>\n\t<meta name=\"twitter:data2\" content=\"3 minuter\" \/>\n<script type=\"application\/ld+json\" class=\"yoast-schema-graph\">{\"@context\":\"https:\\\/\\\/schema.org\",\"@graph\":[{\"@type\":\"Article\",\"@id\":\"https:\\\/\\\/www.insulander-advokat.se\\\/blogg\\\/barn-som-utsatts-for-brott-och-uppdraget-som-sarskild-foretradare-for-barn\\\/#article\",\"isPartOf\":{\"@id\":\"https:\\\/\\\/www.insulander-advokat.se\\\/blogg\\\/barn-som-utsatts-for-brott-och-uppdraget-som-sarskild-foretradare-for-barn\\\/\"},\"author\":{\"name\":\"jorgen@soderqvistproduction.se\",\"@id\":\"https:\\\/\\\/www.insulander-advokat.se\\\/#\\\/schema\\\/person\\\/2875ff8aee44741a0ccc63bc19395541\"},\"headline\":\"Barn som utsatts f\u00f6r brott och uppdraget som s\u00e4rskild f\u00f6retr\u00e4dare f\u00f6r barn\",\"datePublished\":\"2018-04-17T16:18:00+00:00\",\"dateModified\":\"2023-04-05T08:07:51+00:00\",\"mainEntityOfPage\":{\"@id\":\"https:\\\/\\\/www.insulander-advokat.se\\\/blogg\\\/barn-som-utsatts-for-brott-och-uppdraget-som-sarskild-foretradare-for-barn\\\/\"},\"wordCount\":672,\"commentCount\":0,\"articleSection\":[\"Blogg\"],\"inLanguage\":\"sv-SE\",\"potentialAction\":[{\"@type\":\"CommentAction\",\"name\":\"Comment\",\"target\":[\"https:\\\/\\\/www.insulander-advokat.se\\\/blogg\\\/barn-som-utsatts-for-brott-och-uppdraget-som-sarskild-foretradare-for-barn\\\/#respond\"]}]},{\"@type\":\"WebPage\",\"@id\":\"https:\\\/\\\/www.insulander-advokat.se\\\/blogg\\\/barn-som-utsatts-for-brott-och-uppdraget-som-sarskild-foretradare-for-barn\\\/\",\"url\":\"https:\\\/\\\/www.insulander-advokat.se\\\/blogg\\\/barn-som-utsatts-for-brott-och-uppdraget-som-sarskild-foretradare-for-barn\\\/\",\"name\":\"Barn som utsatts f\u00f6r brott och uppdraget som s\u00e4rskild f\u00f6retr\u00e4dare f\u00f6r barn - Insulander Lindh Advokatbyr\u00e5\",\"isPartOf\":{\"@id\":\"https:\\\/\\\/www.insulander-advokat.se\\\/#website\"},\"datePublished\":\"2018-04-17T16:18:00+00:00\",\"dateModified\":\"2023-04-05T08:07:51+00:00\",\"author\":{\"@id\":\"https:\\\/\\\/www.insulander-advokat.se\\\/#\\\/schema\\\/person\\\/2875ff8aee44741a0ccc63bc19395541\"},\"breadcrumb\":{\"@id\":\"https:\\\/\\\/www.insulander-advokat.se\\\/blogg\\\/barn-som-utsatts-for-brott-och-uppdraget-som-sarskild-foretradare-for-barn\\\/#breadcrumb\"},\"inLanguage\":\"sv-SE\",\"potentialAction\":[{\"@type\":\"ReadAction\",\"target\":[\"https:\\\/\\\/www.insulander-advokat.se\\\/blogg\\\/barn-som-utsatts-for-brott-och-uppdraget-som-sarskild-foretradare-for-barn\\\/\"]}]},{\"@type\":\"BreadcrumbList\",\"@id\":\"https:\\\/\\\/www.insulander-advokat.se\\\/blogg\\\/barn-som-utsatts-for-brott-och-uppdraget-som-sarskild-foretradare-for-barn\\\/#breadcrumb\",\"itemListElement\":[{\"@type\":\"ListItem\",\"position\":1,\"name\":\"Hem\",\"item\":\"https:\\\/\\\/www.insulander-advokat.se\\\/\"},{\"@type\":\"ListItem\",\"position\":2,\"name\":\"Barn som utsatts f\u00f6r brott och uppdraget som s\u00e4rskild f\u00f6retr\u00e4dare f\u00f6r barn\"}]},{\"@type\":\"WebSite\",\"@id\":\"https:\\\/\\\/www.insulander-advokat.se\\\/#website\",\"url\":\"https:\\\/\\\/www.insulander-advokat.se\\\/\",\"name\":\"Insulander Lindh Advokatbyr\u00e5\",\"description\":\"\",\"potentialAction\":[{\"@type\":\"SearchAction\",\"target\":{\"@type\":\"EntryPoint\",\"urlTemplate\":\"https:\\\/\\\/www.insulander-advokat.se\\\/?s={search_term_string}\"},\"query-input\":{\"@type\":\"PropertyValueSpecification\",\"valueRequired\":true,\"valueName\":\"search_term_string\"}}],\"inLanguage\":\"sv-SE\"},{\"@type\":\"Person\",\"@id\":\"https:\\\/\\\/www.insulander-advokat.se\\\/#\\\/schema\\\/person\\\/2875ff8aee44741a0ccc63bc19395541\",\"name\":\"jorgen@soderqvistproduction.se\",\"image\":{\"@type\":\"ImageObject\",\"inLanguage\":\"sv-SE\",\"@id\":\"https:\\\/\\\/secure.gravatar.com\\\/avatar\\\/ad15824aa085c5513fd3a56a2b5f5f248b6c42a4e46e4e4229926149cf9b3b12?s=96&d=mm&r=g\",\"url\":\"https:\\\/\\\/secure.gravatar.com\\\/avatar\\\/ad15824aa085c5513fd3a56a2b5f5f248b6c42a4e46e4e4229926149cf9b3b12?s=96&d=mm&r=g\",\"contentUrl\":\"https:\\\/\\\/secure.gravatar.com\\\/avatar\\\/ad15824aa085c5513fd3a56a2b5f5f248b6c42a4e46e4e4229926149cf9b3b12?s=96&d=mm&r=g\",\"caption\":\"jorgen@soderqvistproduction.se\"},\"sameAs\":[\"http:\\\/\\\/localhost:8080\"],\"url\":\"https:\\\/\\\/www.insulander-advokat.se\\\/blogg\\\/author\\\/jorgensoderqvistproduction-se\\\/\"}]}<\/script>\n<!-- \/ Yoast SEO plugin. -->","yoast_head_json":{"title":"Barn som utsatts f\u00f6r brott och uppdraget som s\u00e4rskild f\u00f6retr\u00e4dare f\u00f6r barn - Insulander Lindh Advokatbyr\u00e5","robots":{"index":"index","follow":"follow","max-snippet":"max-snippet:-1","max-image-preview":"max-image-preview:large","max-video-preview":"max-video-preview:-1"},"canonical":"https:\/\/www.insulander-advokat.se\/blogg\/barn-som-utsatts-for-brott-och-uppdraget-som-sarskild-foretradare-for-barn\/","og_locale":"sv_SE","og_type":"article","og_title":"Barn som utsatts f\u00f6r brott och uppdraget som s\u00e4rskild f\u00f6retr\u00e4dare f\u00f6r barn - Insulander Lindh Advokatbyr\u00e5","og_description":"N\u00e5got som blir tydligt n\u00e4r man arbetar som ombud och med att f\u00f6retr\u00e4da barn som har utsatts f\u00f6r brott \u00e4r hur otroligt lojala barn ofta \u00e4r mot sina f\u00f6r\u00e4ldrar, sl\u00e4ktingar och familjens v\u00e4nner. Barn \u00e4r helt beroende av att de som ska skydda dem och v\u00e4rna om deras r\u00e4ttigheter vill dem v\u00e4l. Tyv\u00e4rr \u00e4r det inte alltid s\u00e5.","og_url":"https:\/\/www.insulander-advokat.se\/blogg\/barn-som-utsatts-for-brott-och-uppdraget-som-sarskild-foretradare-for-barn\/","og_site_name":"Insulander Lindh Advokatbyr\u00e5","article_published_time":"2018-04-17T16:18:00+00:00","article_modified_time":"2023-04-05T08:07:51+00:00","author":"jorgen@soderqvistproduction.se","twitter_card":"summary_large_image","twitter_misc":{"Skriven av":"jorgen@soderqvistproduction.se","Ber\u00e4knad l\u00e4stid":"3 minuter"},"schema":{"@context":"https:\/\/schema.org","@graph":[{"@type":"Article","@id":"https:\/\/www.insulander-advokat.se\/blogg\/barn-som-utsatts-for-brott-och-uppdraget-som-sarskild-foretradare-for-barn\/#article","isPartOf":{"@id":"https:\/\/www.insulander-advokat.se\/blogg\/barn-som-utsatts-for-brott-och-uppdraget-som-sarskild-foretradare-for-barn\/"},"author":{"name":"jorgen@soderqvistproduction.se","@id":"https:\/\/www.insulander-advokat.se\/#\/schema\/person\/2875ff8aee44741a0ccc63bc19395541"},"headline":"Barn som utsatts f\u00f6r brott och uppdraget som s\u00e4rskild f\u00f6retr\u00e4dare f\u00f6r barn","datePublished":"2018-04-17T16:18:00+00:00","dateModified":"2023-04-05T08:07:51+00:00","mainEntityOfPage":{"@id":"https:\/\/www.insulander-advokat.se\/blogg\/barn-som-utsatts-for-brott-och-uppdraget-som-sarskild-foretradare-for-barn\/"},"wordCount":672,"commentCount":0,"articleSection":["Blogg"],"inLanguage":"sv-SE","potentialAction":[{"@type":"CommentAction","name":"Comment","target":["https:\/\/www.insulander-advokat.se\/blogg\/barn-som-utsatts-for-brott-och-uppdraget-som-sarskild-foretradare-for-barn\/#respond"]}]},{"@type":"WebPage","@id":"https:\/\/www.insulander-advokat.se\/blogg\/barn-som-utsatts-for-brott-och-uppdraget-som-sarskild-foretradare-for-barn\/","url":"https:\/\/www.insulander-advokat.se\/blogg\/barn-som-utsatts-for-brott-och-uppdraget-som-sarskild-foretradare-for-barn\/","name":"Barn som utsatts f\u00f6r brott och uppdraget som s\u00e4rskild f\u00f6retr\u00e4dare f\u00f6r barn - Insulander Lindh Advokatbyr\u00e5","isPartOf":{"@id":"https:\/\/www.insulander-advokat.se\/#website"},"datePublished":"2018-04-17T16:18:00+00:00","dateModified":"2023-04-05T08:07:51+00:00","author":{"@id":"https:\/\/www.insulander-advokat.se\/#\/schema\/person\/2875ff8aee44741a0ccc63bc19395541"},"breadcrumb":{"@id":"https:\/\/www.insulander-advokat.se\/blogg\/barn-som-utsatts-for-brott-och-uppdraget-som-sarskild-foretradare-for-barn\/#breadcrumb"},"inLanguage":"sv-SE","potentialAction":[{"@type":"ReadAction","target":["https:\/\/www.insulander-advokat.se\/blogg\/barn-som-utsatts-for-brott-och-uppdraget-som-sarskild-foretradare-for-barn\/"]}]},{"@type":"BreadcrumbList","@id":"https:\/\/www.insulander-advokat.se\/blogg\/barn-som-utsatts-for-brott-och-uppdraget-som-sarskild-foretradare-for-barn\/#breadcrumb","itemListElement":[{"@type":"ListItem","position":1,"name":"Hem","item":"https:\/\/www.insulander-advokat.se\/"},{"@type":"ListItem","position":2,"name":"Barn som utsatts f\u00f6r brott och uppdraget som s\u00e4rskild f\u00f6retr\u00e4dare f\u00f6r barn"}]},{"@type":"WebSite","@id":"https:\/\/www.insulander-advokat.se\/#website","url":"https:\/\/www.insulander-advokat.se\/","name":"Insulander Lindh Advokatbyr\u00e5","description":"","potentialAction":[{"@type":"SearchAction","target":{"@type":"EntryPoint","urlTemplate":"https:\/\/www.insulander-advokat.se\/?s={search_term_string}"},"query-input":{"@type":"PropertyValueSpecification","valueRequired":true,"valueName":"search_term_string"}}],"inLanguage":"sv-SE"},{"@type":"Person","@id":"https:\/\/www.insulander-advokat.se\/#\/schema\/person\/2875ff8aee44741a0ccc63bc19395541","name":"jorgen@soderqvistproduction.se","image":{"@type":"ImageObject","inLanguage":"sv-SE","@id":"https:\/\/secure.gravatar.com\/avatar\/ad15824aa085c5513fd3a56a2b5f5f248b6c42a4e46e4e4229926149cf9b3b12?s=96&d=mm&r=g","url":"https:\/\/secure.gravatar.com\/avatar\/ad15824aa085c5513fd3a56a2b5f5f248b6c42a4e46e4e4229926149cf9b3b12?s=96&d=mm&r=g","contentUrl":"https:\/\/secure.gravatar.com\/avatar\/ad15824aa085c5513fd3a56a2b5f5f248b6c42a4e46e4e4229926149cf9b3b12?s=96&d=mm&r=g","caption":"jorgen@soderqvistproduction.se"},"sameAs":["http:\/\/localhost:8080"],"url":"https:\/\/www.insulander-advokat.se\/blogg\/author\/jorgensoderqvistproduction-se\/"}]}},"_links":{"self":[{"href":"https:\/\/www.insulander-advokat.se\/api\/wp\/v2\/posts\/3731","targetHints":{"allow":["GET"]}}],"collection":[{"href":"https:\/\/www.insulander-advokat.se\/api\/wp\/v2\/posts"}],"about":[{"href":"https:\/\/www.insulander-advokat.se\/api\/wp\/v2\/types\/post"}],"author":[{"embeddable":true,"href":"https:\/\/www.insulander-advokat.se\/api\/wp\/v2\/users\/1"}],"replies":[{"embeddable":true,"href":"https:\/\/www.insulander-advokat.se\/api\/wp\/v2\/comments?post=3731"}],"version-history":[{"count":3,"href":"https:\/\/www.insulander-advokat.se\/api\/wp\/v2\/posts\/3731\/revisions"}],"predecessor-version":[{"id":4181,"href":"https:\/\/www.insulander-advokat.se\/api\/wp\/v2\/posts\/3731\/revisions\/4181"}],"wp:attachment":[{"href":"https:\/\/www.insulander-advokat.se\/api\/wp\/v2\/media?parent=3731"}],"wp:term":[{"taxonomy":"category","embeddable":true,"href":"https:\/\/www.insulander-advokat.se\/api\/wp\/v2\/categories?post=3731"},{"taxonomy":"post_tag","embeddable":true,"href":"https:\/\/www.insulander-advokat.se\/api\/wp\/v2\/tags?post=3731"}],"curies":[{"name":"wp","href":"https:\/\/api.w.org\/{rel}","templated":true}]}}