{"id":3736,"date":"2018-11-06T18:18:29","date_gmt":"2018-11-06T17:18:29","guid":{"rendered":"http:\/\/localhost:8080\/barns-basta-i-parallella-processer\/"},"modified":"2023-04-05T16:42:14","modified_gmt":"2023-04-05T14:42:14","slug":"barns-basta-i-parallella-processer","status":"publish","type":"post","link":"https:\/\/www.insulander-advokat.se\/blogg\/barns-basta-i-parallella-processer\/","title":{"rendered":"Barns b\u00e4sta i parallella processer"},"content":{"rendered":"<p>Barnets b\u00e4sta l\u00e4gger grunden f\u00f6r alla processer d\u00e4r barn \u00e4r inblandade men det \u00e4r ofta sv\u00e5rt att avg\u00f6ra vad som faktiskt \u00e4r barnets b\u00e4sta. Barn har r\u00e4tt till en n\u00e4ra och god relation till b\u00e5da sina f\u00f6r\u00e4ldrar. De har ocks\u00e5 en absolut r\u00e4tt att inte uts\u00e4ttas f\u00f6r kr\u00e4nkningar och v\u00e5ld. Ibland \u00e4r dessa intressen motst\u00e5ende och g\u00e5r inte att f\u00f6rena.<\/p>\n<p>I parallella processer \u00e4r barn extra utsatta d\u00e5 det exempelvis p\u00e5g\u00e5r en v\u00e5rdnadstvist samtidigt som det p\u00e5g\u00e5r ett brottm\u00e5l. Det kan handla om fall d\u00e4r en f\u00f6r\u00e4lder \u00e4r misst\u00e4nkt f\u00f6r brott mot barnet eller den andre f\u00f6r\u00e4ldern samtidigt som det p\u00e5g\u00e5r ett m\u00e5l om v\u00e5rdnad och umg\u00e4nge om barnet. Med anledning av detta lyftes under f\u00f6redraget hur vi som ombud b\u00e4st kan tillvarata klientens intressen i b\u00e5da processerna.<\/p>\n<p>Ett ombud har advokatetiken att f\u00f6rh\u00e5lla sig till vilket g\u00f6r att h\u00e4nsyn bl.a. m\u00e5ste tas till vilka uppdrag som kan utf\u00f6ras parallellt. Ombudet kan exempelvis inte f\u00f6retr\u00e4da en f\u00f6r\u00e4lder i ett v\u00e5rdnadsm\u00e5l och samtidigt vara m\u00e5ls\u00e4gandebitr\u00e4de f\u00f6r barnet eftersom det f\u00f6religger en beaktansv\u00e4rd risk f\u00f6r intressekonflikt. Ombudet kan inte heller vara m\u00e5ls\u00e4gandebitr\u00e4de f\u00f6r en f\u00f6r\u00e4lder och samtidigt vara s\u00e4rskild f\u00f6retr\u00e4dare f\u00f6r barnen i ett brotts\u00e4rende mot den andre f\u00f6r\u00e4ldern.<\/p>\n<p>Under f\u00f6redraget diskuterades ocks\u00e5 hur man ser p\u00e5 umg\u00e4nge i fall d\u00e5 det p\u00e5g\u00e5r parallella processer. N\u00e4r kan och b\u00f6r domstolen f\u00f6rordna om umg\u00e4nge utan umg\u00e4ngesst\u00f6d, med umg\u00e4ngesst\u00f6d och n\u00e4r b\u00f6r umg\u00e4nge helt nekas? I vilka fall kan umg\u00e4nget vara fritt och n\u00e4r blir det b\u00e4st f\u00f6r barnet med annan kontakt som tex. per brev eller telefon?<\/p>\n<p>\u00c5terigen handlar det om en avv\u00e4gning mellan barnets intressen, en n\u00e4ra och god kontakt med b\u00e5da sina f\u00f6r\u00e4ldrar kontra de risker som \u00e4r f\u00f6rknippade med en s\u00e5dan kontakt. N\u00e4r det kommer till umg\u00e4nge med umg\u00e4ngesst\u00f6d ska s\u00e5dant endast f\u00f6rordnas om det inom en \u00f6versk\u00e5dlig framtid kan ske umg\u00e4nge utan umg\u00e4ngesst\u00f6d.<\/p>\n<p>Om den ena f\u00f6r\u00e4ldern eller barnet har skyddade personuppgifter finns i domstolspraxis exempel b\u00e5de p\u00e5 fall d\u00e4r domstolen beslutat om umg\u00e4nge s\u00e5v\u00e4l som fall d\u00e4r det beslutats om inget umg\u00e4nge alls. \u00c4ven h\u00e4r blir det tydligt att intresseavv\u00e4gningen oftast inte \u00e4r helt enkel. I de fall som handlade om skyddade uppgifter tog domstolen h\u00e4nsyn till risken f\u00f6r nya brott, risken f\u00f6r att barnet f\u00f6rs\u00e4ger sig, risken f\u00f6r att boendet r\u00f6js, om det finns m\u00f6jlighet till annan typ av kontakt och i slut\u00e4ndan gjordes en avv\u00e4gning mellan skyddsbehov och umg\u00e4nge.<\/p>\n<p>De parallella processerna \u00e4r inte ovanliga och aktualiserar sv\u00e5ra men viktiga \u00f6verv\u00e4ganden. Det \u00e4r m\u00e5nga olika instanser som ska ta till vara barnets b\u00e4sta i dessa processer exempelvis polis, socialtj\u00e4nst, ombud och domstol. Det \u00e4r viktigt att alla dessa sv\u00e5ra \u00f6verv\u00e4ganden inte utmynnar i nackdelar f\u00f6r barnen. I m\u00e5nga fall d\u00e4r det p\u00e5g\u00e5r parallella processer ses en tendens i domstolarnas praxis till vad som n\u00e4rmast kan liknas vid ett moment 22. Domstolen har vid flera tillf\u00e4llen uttalat att uppgifter \u201db\u00f6r beaktas med f\u00f6rsiktighet eftersom det p\u00e5g\u00e5r en parallell process\u201d. Att s\u00e5 sker i b\u00e5de v\u00e5rdnads- och brottm\u00e5l drabbar i slut\u00e4ndan barnen vars uppgifter och verklighet inte beaktas.<\/p>\n<p>Ett viktigt steg i r\u00e4tt riktning f\u00f6r barnens r\u00e4tt och som ocks\u00e5 lyftes under f\u00f6redraget \u00e4r det direktiv som uppdrar \u00e5t en s\u00e4rskild utredare att med utg\u00e5ngspunkt i barnets r\u00e4tt att skyddas fr\u00e5n v\u00e5ld och andra brottsliga handlingar ska \u00f6verv\u00e4ga ett ut\u00f6kat straffr\u00e4ttsligt skydd f\u00f6r de barn som bevittnar brott som beg\u00e5s av och mot n\u00e4rst\u00e5ende. Detta uppdrag ska redovisas senast den 14 juni 2019. Barn har i de fall som beskrivs redan nu en r\u00e4tt till brottsskadeers\u00e4ttning men i och med detta ska allts\u00e5 \u00f6verv\u00e4gas om det ocks\u00e5 b\u00f6r finnas ett straffr\u00e4ttsligt skydd f\u00f6r barn i dessa fall.<\/p>\n<p>En slutsats som kan dras \u00e4r vikten av att bed\u00f6ma det individuella barnets b\u00e4sta och <u>inte<\/u> generalisera. Barnets b\u00e4sta \u00e4r inte bara ett inrutat, enkelt begrepp som kan till\u00e4mpas p\u00e5 rutin utan barnets b\u00e4sta \u00e4r n\u00e5got mer komplicerat som kr\u00e4ver noga \u00f6verv\u00e4ganden i varje enskilt fall. Det \u00e4r inte heller endast utg\u00e5ngen i de parallella processerna som ska \u00f6verensst\u00e4mma med barnets b\u00e4sta utan det \u00e4r viktigt att hela processernas g\u00e5ng sker utifr\u00e5n barnets b\u00e4sta.<\/p>\n","protected":false},"excerpt":{"rendered":"<p>Den 25 oktober h\u00f6ll Mia och Anna HW ett f\u00f6redrag p\u00e5 advokatdagarna som \u00e5rligen arrangeras av Sveriges advokatsamfund. \u00c4mnet f\u00f6r f\u00f6redraget var barnets b\u00e4sta i parallella processer. F\u00f6redraget var v\u00e4lbes\u00f6kt och lyfte m\u00e5nga viktiga fr\u00e5gor som beh\u00f6ver uppm\u00e4rksammas.<\/p>\n","protected":false},"author":1,"featured_media":0,"comment_status":"open","ping_status":"closed","sticky":false,"template":"","format":"standard","meta":{"_acf_changed":false,"footnotes":""},"categories":[21],"tags":[],"class_list":["post-3736","post","type-post","status-publish","format-standard","hentry","category-blogg"],"acf":[],"yoast_head":"<!-- This site is optimized with the Yoast SEO plugin v27.5 - https:\/\/yoast.com\/product\/yoast-seo-wordpress\/ -->\n<title>Barns b\u00e4sta i parallella processer - Insulander Lindh Advokatbyr\u00e5<\/title>\n<meta name=\"robots\" content=\"index, follow, max-snippet:-1, max-image-preview:large, max-video-preview:-1\" \/>\n<link rel=\"canonical\" href=\"https:\/\/www.insulander-advokat.se\/blogg\/barns-basta-i-parallella-processer\/\" \/>\n<meta property=\"og:locale\" content=\"sv_SE\" \/>\n<meta property=\"og:type\" content=\"article\" \/>\n<meta property=\"og:title\" content=\"Barns b\u00e4sta i parallella processer - Insulander Lindh Advokatbyr\u00e5\" \/>\n<meta property=\"og:description\" content=\"Den 25 oktober h\u00f6ll Mia och Anna HW ett f\u00f6redrag p\u00e5 advokatdagarna som \u00e5rligen arrangeras av Sveriges advokatsamfund. \u00c4mnet f\u00f6r f\u00f6redraget var barnets b\u00e4sta i parallella processer. F\u00f6redraget var v\u00e4lbes\u00f6kt och lyfte m\u00e5nga viktiga fr\u00e5gor som beh\u00f6ver uppm\u00e4rksammas.\" \/>\n<meta property=\"og:url\" content=\"https:\/\/www.insulander-advokat.se\/blogg\/barns-basta-i-parallella-processer\/\" \/>\n<meta property=\"og:site_name\" content=\"Insulander Lindh Advokatbyr\u00e5\" \/>\n<meta property=\"article:published_time\" content=\"2018-11-06T17:18:29+00:00\" \/>\n<meta property=\"article:modified_time\" content=\"2023-04-05T14:42:14+00:00\" \/>\n<meta name=\"author\" content=\"jorgen@soderqvistproduction.se\" \/>\n<meta name=\"twitter:card\" content=\"summary_large_image\" \/>\n<meta name=\"twitter:label1\" content=\"Skriven av\" \/>\n\t<meta name=\"twitter:data1\" content=\"jorgen@soderqvistproduction.se\" \/>\n\t<meta name=\"twitter:label2\" content=\"Ber\u00e4knad l\u00e4stid\" \/>\n\t<meta name=\"twitter:data2\" content=\"4 minuter\" \/>\n<script type=\"application\/ld+json\" class=\"yoast-schema-graph\">{\"@context\":\"https:\\\/\\\/schema.org\",\"@graph\":[{\"@type\":\"Article\",\"@id\":\"https:\\\/\\\/www.insulander-advokat.se\\\/blogg\\\/barns-basta-i-parallella-processer\\\/#article\",\"isPartOf\":{\"@id\":\"https:\\\/\\\/www.insulander-advokat.se\\\/blogg\\\/barns-basta-i-parallella-processer\\\/\"},\"author\":{\"name\":\"jorgen@soderqvistproduction.se\",\"@id\":\"https:\\\/\\\/www.insulander-advokat.se\\\/#\\\/schema\\\/person\\\/2875ff8aee44741a0ccc63bc19395541\"},\"headline\":\"Barns b\u00e4sta i parallella processer\",\"datePublished\":\"2018-11-06T17:18:29+00:00\",\"dateModified\":\"2023-04-05T14:42:14+00:00\",\"mainEntityOfPage\":{\"@id\":\"https:\\\/\\\/www.insulander-advokat.se\\\/blogg\\\/barns-basta-i-parallella-processer\\\/\"},\"wordCount\":866,\"commentCount\":0,\"articleSection\":[\"Blogg\"],\"inLanguage\":\"sv-SE\",\"potentialAction\":[{\"@type\":\"CommentAction\",\"name\":\"Comment\",\"target\":[\"https:\\\/\\\/www.insulander-advokat.se\\\/blogg\\\/barns-basta-i-parallella-processer\\\/#respond\"]}]},{\"@type\":\"WebPage\",\"@id\":\"https:\\\/\\\/www.insulander-advokat.se\\\/blogg\\\/barns-basta-i-parallella-processer\\\/\",\"url\":\"https:\\\/\\\/www.insulander-advokat.se\\\/blogg\\\/barns-basta-i-parallella-processer\\\/\",\"name\":\"Barns b\u00e4sta i parallella processer - Insulander Lindh Advokatbyr\u00e5\",\"isPartOf\":{\"@id\":\"https:\\\/\\\/www.insulander-advokat.se\\\/#website\"},\"datePublished\":\"2018-11-06T17:18:29+00:00\",\"dateModified\":\"2023-04-05T14:42:14+00:00\",\"author\":{\"@id\":\"https:\\\/\\\/www.insulander-advokat.se\\\/#\\\/schema\\\/person\\\/2875ff8aee44741a0ccc63bc19395541\"},\"breadcrumb\":{\"@id\":\"https:\\\/\\\/www.insulander-advokat.se\\\/blogg\\\/barns-basta-i-parallella-processer\\\/#breadcrumb\"},\"inLanguage\":\"sv-SE\",\"potentialAction\":[{\"@type\":\"ReadAction\",\"target\":[\"https:\\\/\\\/www.insulander-advokat.se\\\/blogg\\\/barns-basta-i-parallella-processer\\\/\"]}]},{\"@type\":\"BreadcrumbList\",\"@id\":\"https:\\\/\\\/www.insulander-advokat.se\\\/blogg\\\/barns-basta-i-parallella-processer\\\/#breadcrumb\",\"itemListElement\":[{\"@type\":\"ListItem\",\"position\":1,\"name\":\"Hem\",\"item\":\"https:\\\/\\\/www.insulander-advokat.se\\\/\"},{\"@type\":\"ListItem\",\"position\":2,\"name\":\"Barns b\u00e4sta i parallella processer\"}]},{\"@type\":\"WebSite\",\"@id\":\"https:\\\/\\\/www.insulander-advokat.se\\\/#website\",\"url\":\"https:\\\/\\\/www.insulander-advokat.se\\\/\",\"name\":\"Insulander Lindh Advokatbyr\u00e5\",\"description\":\"\",\"potentialAction\":[{\"@type\":\"SearchAction\",\"target\":{\"@type\":\"EntryPoint\",\"urlTemplate\":\"https:\\\/\\\/www.insulander-advokat.se\\\/?s={search_term_string}\"},\"query-input\":{\"@type\":\"PropertyValueSpecification\",\"valueRequired\":true,\"valueName\":\"search_term_string\"}}],\"inLanguage\":\"sv-SE\"},{\"@type\":\"Person\",\"@id\":\"https:\\\/\\\/www.insulander-advokat.se\\\/#\\\/schema\\\/person\\\/2875ff8aee44741a0ccc63bc19395541\",\"name\":\"jorgen@soderqvistproduction.se\",\"image\":{\"@type\":\"ImageObject\",\"inLanguage\":\"sv-SE\",\"@id\":\"https:\\\/\\\/secure.gravatar.com\\\/avatar\\\/ad15824aa085c5513fd3a56a2b5f5f248b6c42a4e46e4e4229926149cf9b3b12?s=96&d=mm&r=g\",\"url\":\"https:\\\/\\\/secure.gravatar.com\\\/avatar\\\/ad15824aa085c5513fd3a56a2b5f5f248b6c42a4e46e4e4229926149cf9b3b12?s=96&d=mm&r=g\",\"contentUrl\":\"https:\\\/\\\/secure.gravatar.com\\\/avatar\\\/ad15824aa085c5513fd3a56a2b5f5f248b6c42a4e46e4e4229926149cf9b3b12?s=96&d=mm&r=g\",\"caption\":\"jorgen@soderqvistproduction.se\"},\"sameAs\":[\"http:\\\/\\\/localhost:8080\"],\"url\":\"https:\\\/\\\/www.insulander-advokat.se\\\/blogg\\\/author\\\/jorgensoderqvistproduction-se\\\/\"}]}<\/script>\n<!-- \/ Yoast SEO plugin. -->","yoast_head_json":{"title":"Barns b\u00e4sta i parallella processer - Insulander Lindh Advokatbyr\u00e5","robots":{"index":"index","follow":"follow","max-snippet":"max-snippet:-1","max-image-preview":"max-image-preview:large","max-video-preview":"max-video-preview:-1"},"canonical":"https:\/\/www.insulander-advokat.se\/blogg\/barns-basta-i-parallella-processer\/","og_locale":"sv_SE","og_type":"article","og_title":"Barns b\u00e4sta i parallella processer - Insulander Lindh Advokatbyr\u00e5","og_description":"Den 25 oktober h\u00f6ll Mia och Anna HW ett f\u00f6redrag p\u00e5 advokatdagarna som \u00e5rligen arrangeras av Sveriges advokatsamfund. \u00c4mnet f\u00f6r f\u00f6redraget var barnets b\u00e4sta i parallella processer. F\u00f6redraget var v\u00e4lbes\u00f6kt och lyfte m\u00e5nga viktiga fr\u00e5gor som beh\u00f6ver uppm\u00e4rksammas.","og_url":"https:\/\/www.insulander-advokat.se\/blogg\/barns-basta-i-parallella-processer\/","og_site_name":"Insulander Lindh Advokatbyr\u00e5","article_published_time":"2018-11-06T17:18:29+00:00","article_modified_time":"2023-04-05T14:42:14+00:00","author":"jorgen@soderqvistproduction.se","twitter_card":"summary_large_image","twitter_misc":{"Skriven av":"jorgen@soderqvistproduction.se","Ber\u00e4knad l\u00e4stid":"4 minuter"},"schema":{"@context":"https:\/\/schema.org","@graph":[{"@type":"Article","@id":"https:\/\/www.insulander-advokat.se\/blogg\/barns-basta-i-parallella-processer\/#article","isPartOf":{"@id":"https:\/\/www.insulander-advokat.se\/blogg\/barns-basta-i-parallella-processer\/"},"author":{"name":"jorgen@soderqvistproduction.se","@id":"https:\/\/www.insulander-advokat.se\/#\/schema\/person\/2875ff8aee44741a0ccc63bc19395541"},"headline":"Barns b\u00e4sta i parallella processer","datePublished":"2018-11-06T17:18:29+00:00","dateModified":"2023-04-05T14:42:14+00:00","mainEntityOfPage":{"@id":"https:\/\/www.insulander-advokat.se\/blogg\/barns-basta-i-parallella-processer\/"},"wordCount":866,"commentCount":0,"articleSection":["Blogg"],"inLanguage":"sv-SE","potentialAction":[{"@type":"CommentAction","name":"Comment","target":["https:\/\/www.insulander-advokat.se\/blogg\/barns-basta-i-parallella-processer\/#respond"]}]},{"@type":"WebPage","@id":"https:\/\/www.insulander-advokat.se\/blogg\/barns-basta-i-parallella-processer\/","url":"https:\/\/www.insulander-advokat.se\/blogg\/barns-basta-i-parallella-processer\/","name":"Barns b\u00e4sta i parallella processer - Insulander Lindh Advokatbyr\u00e5","isPartOf":{"@id":"https:\/\/www.insulander-advokat.se\/#website"},"datePublished":"2018-11-06T17:18:29+00:00","dateModified":"2023-04-05T14:42:14+00:00","author":{"@id":"https:\/\/www.insulander-advokat.se\/#\/schema\/person\/2875ff8aee44741a0ccc63bc19395541"},"breadcrumb":{"@id":"https:\/\/www.insulander-advokat.se\/blogg\/barns-basta-i-parallella-processer\/#breadcrumb"},"inLanguage":"sv-SE","potentialAction":[{"@type":"ReadAction","target":["https:\/\/www.insulander-advokat.se\/blogg\/barns-basta-i-parallella-processer\/"]}]},{"@type":"BreadcrumbList","@id":"https:\/\/www.insulander-advokat.se\/blogg\/barns-basta-i-parallella-processer\/#breadcrumb","itemListElement":[{"@type":"ListItem","position":1,"name":"Hem","item":"https:\/\/www.insulander-advokat.se\/"},{"@type":"ListItem","position":2,"name":"Barns b\u00e4sta i parallella processer"}]},{"@type":"WebSite","@id":"https:\/\/www.insulander-advokat.se\/#website","url":"https:\/\/www.insulander-advokat.se\/","name":"Insulander Lindh Advokatbyr\u00e5","description":"","potentialAction":[{"@type":"SearchAction","target":{"@type":"EntryPoint","urlTemplate":"https:\/\/www.insulander-advokat.se\/?s={search_term_string}"},"query-input":{"@type":"PropertyValueSpecification","valueRequired":true,"valueName":"search_term_string"}}],"inLanguage":"sv-SE"},{"@type":"Person","@id":"https:\/\/www.insulander-advokat.se\/#\/schema\/person\/2875ff8aee44741a0ccc63bc19395541","name":"jorgen@soderqvistproduction.se","image":{"@type":"ImageObject","inLanguage":"sv-SE","@id":"https:\/\/secure.gravatar.com\/avatar\/ad15824aa085c5513fd3a56a2b5f5f248b6c42a4e46e4e4229926149cf9b3b12?s=96&d=mm&r=g","url":"https:\/\/secure.gravatar.com\/avatar\/ad15824aa085c5513fd3a56a2b5f5f248b6c42a4e46e4e4229926149cf9b3b12?s=96&d=mm&r=g","contentUrl":"https:\/\/secure.gravatar.com\/avatar\/ad15824aa085c5513fd3a56a2b5f5f248b6c42a4e46e4e4229926149cf9b3b12?s=96&d=mm&r=g","caption":"jorgen@soderqvistproduction.se"},"sameAs":["http:\/\/localhost:8080"],"url":"https:\/\/www.insulander-advokat.se\/blogg\/author\/jorgensoderqvistproduction-se\/"}]}},"_links":{"self":[{"href":"https:\/\/www.insulander-advokat.se\/api\/wp\/v2\/posts\/3736","targetHints":{"allow":["GET"]}}],"collection":[{"href":"https:\/\/www.insulander-advokat.se\/api\/wp\/v2\/posts"}],"about":[{"href":"https:\/\/www.insulander-advokat.se\/api\/wp\/v2\/types\/post"}],"author":[{"embeddable":true,"href":"https:\/\/www.insulander-advokat.se\/api\/wp\/v2\/users\/1"}],"replies":[{"embeddable":true,"href":"https:\/\/www.insulander-advokat.se\/api\/wp\/v2\/comments?post=3736"}],"version-history":[{"count":2,"href":"https:\/\/www.insulander-advokat.se\/api\/wp\/v2\/posts\/3736\/revisions"}],"predecessor-version":[{"id":4174,"href":"https:\/\/www.insulander-advokat.se\/api\/wp\/v2\/posts\/3736\/revisions\/4174"}],"wp:attachment":[{"href":"https:\/\/www.insulander-advokat.se\/api\/wp\/v2\/media?parent=3736"}],"wp:term":[{"taxonomy":"category","embeddable":true,"href":"https:\/\/www.insulander-advokat.se\/api\/wp\/v2\/categories?post=3736"},{"taxonomy":"post_tag","embeddable":true,"href":"https:\/\/www.insulander-advokat.se\/api\/wp\/v2\/tags?post=3736"}],"curies":[{"name":"wp","href":"https:\/\/api.w.org\/{rel}","templated":true}]}}