{"id":3761,"date":"2021-09-23T18:18:00","date_gmt":"2021-09-23T16:18:00","guid":{"rendered":"http:\/\/localhost:8080\/forandringar-i-bedomningen-kring-vardnadsansvaret\/"},"modified":"2023-03-25T21:54:25","modified_gmt":"2023-03-25T20:54:25","slug":"forandringar-i-bedomningen-kring-vardnadsansvaret","status":"publish","type":"post","link":"https:\/\/www.insulander-advokat.se\/blogg\/forandringar-i-bedomningen-kring-vardnadsansvaret\/","title":{"rendered":"F\u00f6r\u00e4ndringar i bed\u00f6mningen kring v\u00e5rdnadsansvaret"},"content":{"rendered":"\n<p>Vad som tidigare var centralt f\u00f6r bed\u00f6mningen kring om v\u00e5rdnaden skulle vara gemensam eller anf\u00f6rtros en av f\u00f6r\u00e4ldrarna var \u201d<strong><em>f\u00f6r\u00e4ldrarnas f\u00f6rm\u00e5ga att samarbeta i fr\u00e5gor som r\u00f6r barnet\u201d.&nbsp;<\/em><\/strong>Idag, i enlighet med den nya lag\u00e4ndringen ska fokus i st\u00e4llet ligga p\u00e5 \u201d<strong><em>f\u00f6r\u00e4ldrarnas f\u00f6rm\u00e5ga att s\u00e4tta barnets behov fr\u00e4mst och ta ett gemensamt ansvar i fr\u00e5gor som r\u00f6r barnet\u201d.<\/em><\/strong><\/p>\n\n\n\n<p>Vad inneb\u00e4r denna f\u00f6r\u00e4ndring rent konkret? Lagstiftaren har i f\u00f6rarbetena f\u00f6rtydligat<em>&nbsp;\u201datt det viktiga \u00e4r att f\u00f6r\u00e4ldrarna kan hantera fr\u00e5gor som uppkommer och att ett bristande samarbete eller bristande gemensamt ansvarstagande inte g\u00e5r ut \u00f6ver barnet p\u00e5 ett s\u00e5dant s\u00e4tt att det \u00e4r b\u00e4ttre f\u00f6r barnet att en f\u00f6r\u00e4lder har ensam v\u00e5rdnad\u201d.<\/em><\/p>\n\n\n\n<p>Fortfarande kr\u00e4vs ett visst m\u00e5tt av fungerande samarbete f\u00f6r att en gemensam v\u00e5rdnad ska vara f\u00f6renlig med barnets b\u00e4sta, men det har genom lag\u00e4ndringen skett en viktig fokusf\u00f6rflyttning till barnet och barnets perspektiv. Det viktiga \u00e4r nu att titta p\u00e5 om f\u00f6r\u00e4ldrarnas agerande p\u00e5verkar barnet och om det f\u00e5r negativa konsekvenser f\u00f6r barnet, snarare \u00e4n att i detalj granska och sk\u00e4rsk\u00e5da de kontakter som finns mellan f\u00f6r\u00e4ldrarna.<\/p>\n\n\n\n<p>I och med att lag\u00e4ndringen skedde i juli i \u00e5r finns det f\u00e5 r\u00e4ttsliga avg\u00f6randen p\u00e5 omr\u00e5det. En fr\u00e5ga man kan st\u00e4lla sig \u00e4r vad det inneb\u00e4r att s\u00e4tta barnet fr\u00e4mst och vad det inneb\u00e4r att barnet inte hamnar i kl\u00e4m och drabbas av f\u00f6r\u00e4ldrarnas bristande samarbete. P\u00e5 den fr\u00e5gan finns inget tydligt svar. Vad som d\u00e4remot \u00e4r relevant f\u00f6r bed\u00f6mningen \u00e4r om f\u00f6r\u00e4ldrarna lyckas fatta gemensamma beslut i v\u00e5rdnadsfr\u00e5gorna, till exempel r\u00f6rande barnets skolval eller andra omsorgsfr\u00e5gor f\u00f6r barnet. Samma sak g\u00e4ller om f\u00f6r\u00e4ldrarna gemensamt ser till att barnet till exempel f\u00e5r r\u00e4tt till medicinsk behandling eller de st\u00f6d- och hj\u00e4lpinsatser som barnet har behov av.<\/p>\n\n\n\n<p>Sv\u00e5rare kan bed\u00f6mningen bli i de fall det r\u00f6r mindre barn, d\u00e4r f\u00f6r\u00e4ldrarnas samarbete i v\u00e5rdnadsfr\u00e5gorna aldrig har satts p\u00e5 prov. I de fallen kan man \u00e4nd\u00e5 fundera kring om det finns andra fr\u00e5gor som visar p\u00e5 att f\u00f6r\u00e4ldrarna har kunnat l\u00f6sa sina meningsskiljaktigheter, s\u00e4tta barnets b\u00e4sta fr\u00e4mst och gemensamt fatta beslut som gagnar barnet.<\/p>\n\n\n\n<p>Ett s\u00e5dant exempel skulle kunna vara om f\u00f6r\u00e4ldrarna har kommunicerat och samarbetat kring hur de ska l\u00f6sa praktikaliteter kopplat till \u00f6verl\u00e4mningar vid umg\u00e4ngestillf\u00e4llen eller hur de ska g\u00f6ra n\u00e4r barnet blir sjuk. Ett annat exempel skulle kunna vara att det finns ett naturligt kunskapsutbyte mellan f\u00f6r\u00e4ldrarna som visar p\u00e5 att det finns en gemensam vilja om att s\u00e4tta barnets behov fr\u00e4mst.<\/p>\n\n\n\n<p>\u00c4ven om det finns mycket kvar att g\u00f6ra f\u00f6r att ytterligare st\u00e4rka barnr\u00e4ttsperspektivet i v\u00e5rdnadstvister \u00e4r den lag\u00e4ndring som har skett ett steg i r\u00e4tt riktning. Vi som arbetar med dessa fr\u00e5gor kommer med sp\u00e4nning att f\u00f6lja den fortsatta r\u00e4ttsutvecklingen p\u00e5 omr\u00e5det.<\/p>\n","protected":false},"excerpt":{"rendered":"<p>I syfte att st\u00e4rka barnr\u00e4ttsperspektivet i v\u00e5rdnadsprocessen genomf\u00f6rdes nyligen en lag\u00e4ndring i f\u00f6r\u00e4ldrabalken 6 kapitlet 5 \u00a7 2 stycket som reglerar om v\u00e5rdnaden om ett barn ska vara gemensam eller anf\u00f6rtros en av f\u00f6r\u00e4ldrarna.<\/p>\n","protected":false},"author":1,"featured_media":4075,"comment_status":"open","ping_status":"closed","sticky":false,"template":"","format":"standard","meta":{"_acf_changed":false,"footnotes":""},"categories":[21],"tags":[],"class_list":["post-3761","post","type-post","status-publish","format-standard","has-post-thumbnail","hentry","category-blogg"],"acf":[],"yoast_head":"<!-- This site is optimized with the Yoast SEO plugin v27.5 - https:\/\/yoast.com\/product\/yoast-seo-wordpress\/ -->\n<title>F\u00f6r\u00e4ndringar i bed\u00f6mningen kring v\u00e5rdnadsansvaret - Insulander Lindh Advokatbyr\u00e5<\/title>\n<meta name=\"robots\" content=\"index, follow, max-snippet:-1, max-image-preview:large, max-video-preview:-1\" \/>\n<link rel=\"canonical\" href=\"https:\/\/www.insulander-advokat.se\/blogg\/forandringar-i-bedomningen-kring-vardnadsansvaret\/\" \/>\n<meta property=\"og:locale\" content=\"sv_SE\" \/>\n<meta property=\"og:type\" content=\"article\" \/>\n<meta property=\"og:title\" content=\"F\u00f6r\u00e4ndringar i bed\u00f6mningen kring v\u00e5rdnadsansvaret - Insulander Lindh Advokatbyr\u00e5\" \/>\n<meta property=\"og:description\" content=\"I syfte att st\u00e4rka barnr\u00e4ttsperspektivet i v\u00e5rdnadsprocessen genomf\u00f6rdes nyligen en lag\u00e4ndring i f\u00f6r\u00e4ldrabalken 6 kapitlet 5 \u00a7 2 stycket som reglerar om v\u00e5rdnaden om ett barn ska vara gemensam eller anf\u00f6rtros en av f\u00f6r\u00e4ldrarna.\" \/>\n<meta property=\"og:url\" content=\"https:\/\/www.insulander-advokat.se\/blogg\/forandringar-i-bedomningen-kring-vardnadsansvaret\/\" \/>\n<meta property=\"og:site_name\" content=\"Insulander Lindh Advokatbyr\u00e5\" \/>\n<meta property=\"article:published_time\" content=\"2021-09-23T16:18:00+00:00\" \/>\n<meta property=\"article:modified_time\" content=\"2023-03-25T20:54:25+00:00\" \/>\n<meta property=\"og:image\" content=\"https:\/\/www.insulander-advokat.se\/wp-content\/uploads\/2023\/02\/barngreenboots-e1679777659523.jpeg\" \/>\n\t<meta property=\"og:image:width\" content=\"506\" \/>\n\t<meta property=\"og:image:height\" content=\"409\" \/>\n\t<meta property=\"og:image:type\" content=\"image\/jpeg\" \/>\n<meta name=\"author\" content=\"jorgen@soderqvistproduction.se\" \/>\n<meta name=\"twitter:card\" content=\"summary_large_image\" \/>\n<meta name=\"twitter:label1\" content=\"Skriven av\" \/>\n\t<meta name=\"twitter:data1\" content=\"jorgen@soderqvistproduction.se\" \/>\n\t<meta name=\"twitter:label2\" content=\"Ber\u00e4knad l\u00e4stid\" \/>\n\t<meta name=\"twitter:data2\" content=\"3 minuter\" \/>\n<script type=\"application\/ld+json\" class=\"yoast-schema-graph\">{\"@context\":\"https:\\\/\\\/schema.org\",\"@graph\":[{\"@type\":\"Article\",\"@id\":\"https:\\\/\\\/www.insulander-advokat.se\\\/blogg\\\/forandringar-i-bedomningen-kring-vardnadsansvaret\\\/#article\",\"isPartOf\":{\"@id\":\"https:\\\/\\\/www.insulander-advokat.se\\\/blogg\\\/forandringar-i-bedomningen-kring-vardnadsansvaret\\\/\"},\"author\":{\"name\":\"jorgen@soderqvistproduction.se\",\"@id\":\"https:\\\/\\\/www.insulander-advokat.se\\\/#\\\/schema\\\/person\\\/2875ff8aee44741a0ccc63bc19395541\"},\"headline\":\"F\u00f6r\u00e4ndringar i bed\u00f6mningen kring v\u00e5rdnadsansvaret\",\"datePublished\":\"2021-09-23T16:18:00+00:00\",\"dateModified\":\"2023-03-25T20:54:25+00:00\",\"mainEntityOfPage\":{\"@id\":\"https:\\\/\\\/www.insulander-advokat.se\\\/blogg\\\/forandringar-i-bedomningen-kring-vardnadsansvaret\\\/\"},\"wordCount\":579,\"commentCount\":0,\"image\":{\"@id\":\"https:\\\/\\\/www.insulander-advokat.se\\\/blogg\\\/forandringar-i-bedomningen-kring-vardnadsansvaret\\\/#primaryimage\"},\"thumbnailUrl\":\"https:\\\/\\\/www.insulander-advokat.se\\\/wp-content\\\/uploads\\\/2023\\\/02\\\/barngreenboots-e1679777659523.jpeg\",\"articleSection\":[\"Blogg\"],\"inLanguage\":\"sv-SE\",\"potentialAction\":[{\"@type\":\"CommentAction\",\"name\":\"Comment\",\"target\":[\"https:\\\/\\\/www.insulander-advokat.se\\\/blogg\\\/forandringar-i-bedomningen-kring-vardnadsansvaret\\\/#respond\"]}]},{\"@type\":\"WebPage\",\"@id\":\"https:\\\/\\\/www.insulander-advokat.se\\\/blogg\\\/forandringar-i-bedomningen-kring-vardnadsansvaret\\\/\",\"url\":\"https:\\\/\\\/www.insulander-advokat.se\\\/blogg\\\/forandringar-i-bedomningen-kring-vardnadsansvaret\\\/\",\"name\":\"F\u00f6r\u00e4ndringar i bed\u00f6mningen kring v\u00e5rdnadsansvaret - Insulander Lindh Advokatbyr\u00e5\",\"isPartOf\":{\"@id\":\"https:\\\/\\\/www.insulander-advokat.se\\\/#website\"},\"primaryImageOfPage\":{\"@id\":\"https:\\\/\\\/www.insulander-advokat.se\\\/blogg\\\/forandringar-i-bedomningen-kring-vardnadsansvaret\\\/#primaryimage\"},\"image\":{\"@id\":\"https:\\\/\\\/www.insulander-advokat.se\\\/blogg\\\/forandringar-i-bedomningen-kring-vardnadsansvaret\\\/#primaryimage\"},\"thumbnailUrl\":\"https:\\\/\\\/www.insulander-advokat.se\\\/wp-content\\\/uploads\\\/2023\\\/02\\\/barngreenboots-e1679777659523.jpeg\",\"datePublished\":\"2021-09-23T16:18:00+00:00\",\"dateModified\":\"2023-03-25T20:54:25+00:00\",\"author\":{\"@id\":\"https:\\\/\\\/www.insulander-advokat.se\\\/#\\\/schema\\\/person\\\/2875ff8aee44741a0ccc63bc19395541\"},\"breadcrumb\":{\"@id\":\"https:\\\/\\\/www.insulander-advokat.se\\\/blogg\\\/forandringar-i-bedomningen-kring-vardnadsansvaret\\\/#breadcrumb\"},\"inLanguage\":\"sv-SE\",\"potentialAction\":[{\"@type\":\"ReadAction\",\"target\":[\"https:\\\/\\\/www.insulander-advokat.se\\\/blogg\\\/forandringar-i-bedomningen-kring-vardnadsansvaret\\\/\"]}]},{\"@type\":\"ImageObject\",\"inLanguage\":\"sv-SE\",\"@id\":\"https:\\\/\\\/www.insulander-advokat.se\\\/blogg\\\/forandringar-i-bedomningen-kring-vardnadsansvaret\\\/#primaryimage\",\"url\":\"https:\\\/\\\/www.insulander-advokat.se\\\/wp-content\\\/uploads\\\/2023\\\/02\\\/barngreenboots-e1679777659523.jpeg\",\"contentUrl\":\"https:\\\/\\\/www.insulander-advokat.se\\\/wp-content\\\/uploads\\\/2023\\\/02\\\/barngreenboots-e1679777659523.jpeg\",\"width\":506,\"height\":409},{\"@type\":\"BreadcrumbList\",\"@id\":\"https:\\\/\\\/www.insulander-advokat.se\\\/blogg\\\/forandringar-i-bedomningen-kring-vardnadsansvaret\\\/#breadcrumb\",\"itemListElement\":[{\"@type\":\"ListItem\",\"position\":1,\"name\":\"Hem\",\"item\":\"https:\\\/\\\/www.insulander-advokat.se\\\/\"},{\"@type\":\"ListItem\",\"position\":2,\"name\":\"F\u00f6r\u00e4ndringar i bed\u00f6mningen kring v\u00e5rdnadsansvaret\"}]},{\"@type\":\"WebSite\",\"@id\":\"https:\\\/\\\/www.insulander-advokat.se\\\/#website\",\"url\":\"https:\\\/\\\/www.insulander-advokat.se\\\/\",\"name\":\"Insulander Lindh Advokatbyr\u00e5\",\"description\":\"\",\"potentialAction\":[{\"@type\":\"SearchAction\",\"target\":{\"@type\":\"EntryPoint\",\"urlTemplate\":\"https:\\\/\\\/www.insulander-advokat.se\\\/?s={search_term_string}\"},\"query-input\":{\"@type\":\"PropertyValueSpecification\",\"valueRequired\":true,\"valueName\":\"search_term_string\"}}],\"inLanguage\":\"sv-SE\"},{\"@type\":\"Person\",\"@id\":\"https:\\\/\\\/www.insulander-advokat.se\\\/#\\\/schema\\\/person\\\/2875ff8aee44741a0ccc63bc19395541\",\"name\":\"jorgen@soderqvistproduction.se\",\"image\":{\"@type\":\"ImageObject\",\"inLanguage\":\"sv-SE\",\"@id\":\"https:\\\/\\\/secure.gravatar.com\\\/avatar\\\/ad15824aa085c5513fd3a56a2b5f5f248b6c42a4e46e4e4229926149cf9b3b12?s=96&d=mm&r=g\",\"url\":\"https:\\\/\\\/secure.gravatar.com\\\/avatar\\\/ad15824aa085c5513fd3a56a2b5f5f248b6c42a4e46e4e4229926149cf9b3b12?s=96&d=mm&r=g\",\"contentUrl\":\"https:\\\/\\\/secure.gravatar.com\\\/avatar\\\/ad15824aa085c5513fd3a56a2b5f5f248b6c42a4e46e4e4229926149cf9b3b12?s=96&d=mm&r=g\",\"caption\":\"jorgen@soderqvistproduction.se\"},\"sameAs\":[\"http:\\\/\\\/localhost:8080\"],\"url\":\"https:\\\/\\\/www.insulander-advokat.se\\\/blogg\\\/author\\\/jorgensoderqvistproduction-se\\\/\"}]}<\/script>\n<!-- \/ Yoast SEO plugin. -->","yoast_head_json":{"title":"F\u00f6r\u00e4ndringar i bed\u00f6mningen kring v\u00e5rdnadsansvaret - Insulander Lindh Advokatbyr\u00e5","robots":{"index":"index","follow":"follow","max-snippet":"max-snippet:-1","max-image-preview":"max-image-preview:large","max-video-preview":"max-video-preview:-1"},"canonical":"https:\/\/www.insulander-advokat.se\/blogg\/forandringar-i-bedomningen-kring-vardnadsansvaret\/","og_locale":"sv_SE","og_type":"article","og_title":"F\u00f6r\u00e4ndringar i bed\u00f6mningen kring v\u00e5rdnadsansvaret - Insulander Lindh Advokatbyr\u00e5","og_description":"I syfte att st\u00e4rka barnr\u00e4ttsperspektivet i v\u00e5rdnadsprocessen genomf\u00f6rdes nyligen en lag\u00e4ndring i f\u00f6r\u00e4ldrabalken 6 kapitlet 5 \u00a7 2 stycket som reglerar om v\u00e5rdnaden om ett barn ska vara gemensam eller anf\u00f6rtros en av f\u00f6r\u00e4ldrarna.","og_url":"https:\/\/www.insulander-advokat.se\/blogg\/forandringar-i-bedomningen-kring-vardnadsansvaret\/","og_site_name":"Insulander Lindh Advokatbyr\u00e5","article_published_time":"2021-09-23T16:18:00+00:00","article_modified_time":"2023-03-25T20:54:25+00:00","og_image":[{"width":506,"height":409,"url":"https:\/\/www.insulander-advokat.se\/wp-content\/uploads\/2023\/02\/barngreenboots-e1679777659523.jpeg","type":"image\/jpeg"}],"author":"jorgen@soderqvistproduction.se","twitter_card":"summary_large_image","twitter_misc":{"Skriven av":"jorgen@soderqvistproduction.se","Ber\u00e4knad l\u00e4stid":"3 minuter"},"schema":{"@context":"https:\/\/schema.org","@graph":[{"@type":"Article","@id":"https:\/\/www.insulander-advokat.se\/blogg\/forandringar-i-bedomningen-kring-vardnadsansvaret\/#article","isPartOf":{"@id":"https:\/\/www.insulander-advokat.se\/blogg\/forandringar-i-bedomningen-kring-vardnadsansvaret\/"},"author":{"name":"jorgen@soderqvistproduction.se","@id":"https:\/\/www.insulander-advokat.se\/#\/schema\/person\/2875ff8aee44741a0ccc63bc19395541"},"headline":"F\u00f6r\u00e4ndringar i bed\u00f6mningen kring v\u00e5rdnadsansvaret","datePublished":"2021-09-23T16:18:00+00:00","dateModified":"2023-03-25T20:54:25+00:00","mainEntityOfPage":{"@id":"https:\/\/www.insulander-advokat.se\/blogg\/forandringar-i-bedomningen-kring-vardnadsansvaret\/"},"wordCount":579,"commentCount":0,"image":{"@id":"https:\/\/www.insulander-advokat.se\/blogg\/forandringar-i-bedomningen-kring-vardnadsansvaret\/#primaryimage"},"thumbnailUrl":"https:\/\/www.insulander-advokat.se\/wp-content\/uploads\/2023\/02\/barngreenboots-e1679777659523.jpeg","articleSection":["Blogg"],"inLanguage":"sv-SE","potentialAction":[{"@type":"CommentAction","name":"Comment","target":["https:\/\/www.insulander-advokat.se\/blogg\/forandringar-i-bedomningen-kring-vardnadsansvaret\/#respond"]}]},{"@type":"WebPage","@id":"https:\/\/www.insulander-advokat.se\/blogg\/forandringar-i-bedomningen-kring-vardnadsansvaret\/","url":"https:\/\/www.insulander-advokat.se\/blogg\/forandringar-i-bedomningen-kring-vardnadsansvaret\/","name":"F\u00f6r\u00e4ndringar i bed\u00f6mningen kring v\u00e5rdnadsansvaret - Insulander Lindh Advokatbyr\u00e5","isPartOf":{"@id":"https:\/\/www.insulander-advokat.se\/#website"},"primaryImageOfPage":{"@id":"https:\/\/www.insulander-advokat.se\/blogg\/forandringar-i-bedomningen-kring-vardnadsansvaret\/#primaryimage"},"image":{"@id":"https:\/\/www.insulander-advokat.se\/blogg\/forandringar-i-bedomningen-kring-vardnadsansvaret\/#primaryimage"},"thumbnailUrl":"https:\/\/www.insulander-advokat.se\/wp-content\/uploads\/2023\/02\/barngreenboots-e1679777659523.jpeg","datePublished":"2021-09-23T16:18:00+00:00","dateModified":"2023-03-25T20:54:25+00:00","author":{"@id":"https:\/\/www.insulander-advokat.se\/#\/schema\/person\/2875ff8aee44741a0ccc63bc19395541"},"breadcrumb":{"@id":"https:\/\/www.insulander-advokat.se\/blogg\/forandringar-i-bedomningen-kring-vardnadsansvaret\/#breadcrumb"},"inLanguage":"sv-SE","potentialAction":[{"@type":"ReadAction","target":["https:\/\/www.insulander-advokat.se\/blogg\/forandringar-i-bedomningen-kring-vardnadsansvaret\/"]}]},{"@type":"ImageObject","inLanguage":"sv-SE","@id":"https:\/\/www.insulander-advokat.se\/blogg\/forandringar-i-bedomningen-kring-vardnadsansvaret\/#primaryimage","url":"https:\/\/www.insulander-advokat.se\/wp-content\/uploads\/2023\/02\/barngreenboots-e1679777659523.jpeg","contentUrl":"https:\/\/www.insulander-advokat.se\/wp-content\/uploads\/2023\/02\/barngreenboots-e1679777659523.jpeg","width":506,"height":409},{"@type":"BreadcrumbList","@id":"https:\/\/www.insulander-advokat.se\/blogg\/forandringar-i-bedomningen-kring-vardnadsansvaret\/#breadcrumb","itemListElement":[{"@type":"ListItem","position":1,"name":"Hem","item":"https:\/\/www.insulander-advokat.se\/"},{"@type":"ListItem","position":2,"name":"F\u00f6r\u00e4ndringar i bed\u00f6mningen kring v\u00e5rdnadsansvaret"}]},{"@type":"WebSite","@id":"https:\/\/www.insulander-advokat.se\/#website","url":"https:\/\/www.insulander-advokat.se\/","name":"Insulander Lindh Advokatbyr\u00e5","description":"","potentialAction":[{"@type":"SearchAction","target":{"@type":"EntryPoint","urlTemplate":"https:\/\/www.insulander-advokat.se\/?s={search_term_string}"},"query-input":{"@type":"PropertyValueSpecification","valueRequired":true,"valueName":"search_term_string"}}],"inLanguage":"sv-SE"},{"@type":"Person","@id":"https:\/\/www.insulander-advokat.se\/#\/schema\/person\/2875ff8aee44741a0ccc63bc19395541","name":"jorgen@soderqvistproduction.se","image":{"@type":"ImageObject","inLanguage":"sv-SE","@id":"https:\/\/secure.gravatar.com\/avatar\/ad15824aa085c5513fd3a56a2b5f5f248b6c42a4e46e4e4229926149cf9b3b12?s=96&d=mm&r=g","url":"https:\/\/secure.gravatar.com\/avatar\/ad15824aa085c5513fd3a56a2b5f5f248b6c42a4e46e4e4229926149cf9b3b12?s=96&d=mm&r=g","contentUrl":"https:\/\/secure.gravatar.com\/avatar\/ad15824aa085c5513fd3a56a2b5f5f248b6c42a4e46e4e4229926149cf9b3b12?s=96&d=mm&r=g","caption":"jorgen@soderqvistproduction.se"},"sameAs":["http:\/\/localhost:8080"],"url":"https:\/\/www.insulander-advokat.se\/blogg\/author\/jorgensoderqvistproduction-se\/"}]}},"_links":{"self":[{"href":"https:\/\/www.insulander-advokat.se\/api\/wp\/v2\/posts\/3761","targetHints":{"allow":["GET"]}}],"collection":[{"href":"https:\/\/www.insulander-advokat.se\/api\/wp\/v2\/posts"}],"about":[{"href":"https:\/\/www.insulander-advokat.se\/api\/wp\/v2\/types\/post"}],"author":[{"embeddable":true,"href":"https:\/\/www.insulander-advokat.se\/api\/wp\/v2\/users\/1"}],"replies":[{"embeddable":true,"href":"https:\/\/www.insulander-advokat.se\/api\/wp\/v2\/comments?post=3761"}],"version-history":[{"count":3,"href":"https:\/\/www.insulander-advokat.se\/api\/wp\/v2\/posts\/3761\/revisions"}],"predecessor-version":[{"id":4079,"href":"https:\/\/www.insulander-advokat.se\/api\/wp\/v2\/posts\/3761\/revisions\/4079"}],"wp:featuredmedia":[{"embeddable":true,"href":"https:\/\/www.insulander-advokat.se\/api\/wp\/v2\/media\/4075"}],"wp:attachment":[{"href":"https:\/\/www.insulander-advokat.se\/api\/wp\/v2\/media?parent=3761"}],"wp:term":[{"taxonomy":"category","embeddable":true,"href":"https:\/\/www.insulander-advokat.se\/api\/wp\/v2\/categories?post=3761"},{"taxonomy":"post_tag","embeddable":true,"href":"https:\/\/www.insulander-advokat.se\/api\/wp\/v2\/tags?post=3761"}],"curies":[{"name":"wp","href":"https:\/\/api.w.org\/{rel}","templated":true}]}}