{"id":3769,"date":"2022-05-05T18:18:00","date_gmt":"2022-05-05T16:18:00","guid":{"rendered":"http:\/\/localhost:8080\/sarskild-foretradare-for-barn-trots-goda-intentioner-kan-barnens-intressen-inte-tillgodoses-med-den-nya-lagstiftningen-fran-den-1-juli-2021\/"},"modified":"2023-03-24T23:21:36","modified_gmt":"2023-03-24T22:21:36","slug":"sarskild-foretradare-for-barn-trots-goda-intentioner-kan-barnens-intressen-inte-tillgodoses-med-den-nya-lagstiftningen-fran-den-1-juli-2021","status":"publish","type":"post","link":"https:\/\/www.insulander-advokat.se\/blogg\/sarskild-foretradare-for-barn-trots-goda-intentioner-kan-barnens-intressen-inte-tillgodoses-med-den-nya-lagstiftningen-fran-den-1-juli-2021\/","title":{"rendered":"S\u00e4rskild f\u00f6retr\u00e4dare f\u00f6r barn \u2013 trots goda intentioner kan barnens intressen inte tillgodoses med den nya lagstiftningen fr\u00e5n den 1 juli 2021"},"content":{"rendered":"\n<p>Under m\u00e5nga \u00e5r har jag och flera av mina kollegor p\u00e5 byr\u00e5n arbetat som s\u00e4rskilda f\u00f6retr\u00e4dare f\u00f6r barn. Ett uppdrag som ligger mig v\u00e4ldigt varmt om hj\u00e4rtat och som jag ocks\u00e5 utbildar andra advokater och yrkesverksamma i. Uppdraget att tillvarata ett barns r\u00e4tt i en utsatt situation \u00e4r oerh\u00f6rt viktigt och kr\u00e4ver en hel del eftertanke, f\u00f6rberedelser och fingertoppsk\u00e4nsla.<\/p>\n\n\n\n<p>Uppdraget innefattar att tillvarata barnets r\u00e4tt under f\u00f6runders\u00f6kning och efterf\u00f6ljande r\u00e4tteg\u00e5ng n\u00e4r en n\u00e4rst\u00e5ende misst\u00e4nks ha beg\u00e5tt ett brott mot barnet eller n\u00e4r v\u00e5rdnadshavarna inte kan f\u00f6rv\u00e4ntas tillvarata barnets r\u00e4tt pga n\u00e4rst\u00e5endef\u00f6rh\u00e5llande till den misst\u00e4nkte.<\/p>\n\n\n\n<p>Vi som under m\u00e5nga \u00e5r har arbetat med att f\u00f6retr\u00e4da barn i r\u00e4ttsprocessen har nu st\u00e4llts inf\u00f6r till\u00e4mpningsproblem med ny lagstiftning i fr\u00e5gan om skadest\u00e5nd till barnen d\u00e4r effekterna av lagstiftningen tyv\u00e4rr inte blir de avsedda.<\/p>\n\n\n\n<p>Avsikten med den nya lagstiftningen fr\u00e5n f\u00f6rra sommaren \u00e4r att vi ska kunna bist\u00e5 barnet i verkst\u00e4llighetsfr\u00e5gor kring skadest\u00e5nd, men trots p\u00e5talanden om diverse praktiska och advokatetiska fr\u00e5gor fr\u00e5n Advokatsamfundet i remissvar inf\u00f6r lagstiftningen, har lagstiftningen utformats p\u00e5 ett vis som faktiskt inte fungerar i praktiken. Det h\u00e4r i sin tur medf\u00f6r att barn kommer i kl\u00e4m och att flera advokater nu inte heller \u00e5tar sig uppdragen i avvaktan p\u00e5 klarg\u00f6rande av uppdraget.<\/p>\n\n\n\n<p>Fr\u00e5gorna m\u00e5ste f\u00e5 en praktisk l\u00f6sning snarast vilket ocks\u00e5 har lyfts av Advokatsamfundets generalsekreterare Mia Edwall Insulander i brev till olika akt\u00f6rer och i hennes mycket v\u00e4lformulerade&nbsp;<a href=\"https:\/\/miaedwallinsulander.squarespace.com\/blogg\/nr-nya-lagregler-drabbar-barn-negativt?link_id=O8h7ExJ40yYTTl\">blogginl\u00e4gg<\/a>&nbsp;av den 3 maj 2022 i fr\u00e5gan.<\/p>\n\n\n\n<p>F\u00f6r barnens skull beh\u00f6ver fr\u00e5gorna snarast f\u00e5 en l\u00f6sning!<\/p>\n","protected":false},"excerpt":{"rendered":"<p>Under m\u00e5nga \u00e5r har jag och flera av mina kollegor p\u00e5 byr\u00e5n arbetat som s\u00e4rskilda f\u00f6retr\u00e4dare f\u00f6r barn. Ett uppdrag som ligger mig v\u00e4ldigt varmt om hj\u00e4rtat och som jag ocks\u00e5 utbildar andra advokater och yrkesverksamma i. Uppdraget att tillvarata ett barns r\u00e4tt i en utsatt situation \u00e4r oerh\u00f6rt viktigt och kr\u00e4ver en hel del eftertanke, f\u00f6rberedelser och fingertoppsk\u00e4nsla.<\/p>\n","protected":false},"author":1,"featured_media":4041,"comment_status":"open","ping_status":"closed","sticky":false,"template":"","format":"standard","meta":{"_acf_changed":false,"footnotes":""},"categories":[21],"tags":[],"class_list":["post-3769","post","type-post","status-publish","format-standard","has-post-thumbnail","hentry","category-blogg"],"acf":[],"yoast_head":"<!-- This site is optimized with the Yoast SEO plugin v27.5 - https:\/\/yoast.com\/product\/yoast-seo-wordpress\/ -->\n<title>S\u00e4rskild f\u00f6retr\u00e4dare f\u00f6r barn \u2013 trots goda intentioner kan barnens intressen inte tillgodoses med den nya lagstiftningen fr\u00e5n den 1 juli 2021 - Insulander Lindh Advokatbyr\u00e5<\/title>\n<meta name=\"robots\" content=\"index, follow, max-snippet:-1, max-image-preview:large, max-video-preview:-1\" \/>\n<link rel=\"canonical\" href=\"https:\/\/www.insulander-advokat.se\/blogg\/sarskild-foretradare-for-barn-trots-goda-intentioner-kan-barnens-intressen-inte-tillgodoses-med-den-nya-lagstiftningen-fran-den-1-juli-2021\/\" \/>\n<meta property=\"og:locale\" content=\"sv_SE\" \/>\n<meta property=\"og:type\" content=\"article\" \/>\n<meta property=\"og:title\" content=\"S\u00e4rskild f\u00f6retr\u00e4dare f\u00f6r barn \u2013 trots goda intentioner kan barnens intressen inte tillgodoses med den nya lagstiftningen fr\u00e5n den 1 juli 2021 - Insulander Lindh Advokatbyr\u00e5\" \/>\n<meta property=\"og:description\" content=\"Under m\u00e5nga \u00e5r har jag och flera av mina kollegor p\u00e5 byr\u00e5n arbetat som s\u00e4rskilda f\u00f6retr\u00e4dare f\u00f6r barn. Ett uppdrag som ligger mig v\u00e4ldigt varmt om hj\u00e4rtat och som jag ocks\u00e5 utbildar andra advokater och yrkesverksamma i. Uppdraget att tillvarata ett barns r\u00e4tt i en utsatt situation \u00e4r oerh\u00f6rt viktigt och kr\u00e4ver en hel del eftertanke, f\u00f6rberedelser och fingertoppsk\u00e4nsla.\" \/>\n<meta property=\"og:url\" content=\"https:\/\/www.insulander-advokat.se\/blogg\/sarskild-foretradare-for-barn-trots-goda-intentioner-kan-barnens-intressen-inte-tillgodoses-med-den-nya-lagstiftningen-fran-den-1-juli-2021\/\" \/>\n<meta property=\"og:site_name\" content=\"Insulander Lindh Advokatbyr\u00e5\" \/>\n<meta property=\"article:published_time\" content=\"2022-05-05T16:18:00+00:00\" \/>\n<meta property=\"article:modified_time\" content=\"2023-03-24T22:21:36+00:00\" \/>\n<meta property=\"og:image\" content=\"https:\/\/www.insulander-advokat.se\/wp-content\/uploads\/2023\/02\/IMG_7927.jpeg\" \/>\n\t<meta property=\"og:image:width\" content=\"1773\" \/>\n\t<meta property=\"og:image:height\" content=\"2364\" \/>\n\t<meta property=\"og:image:type\" content=\"image\/jpeg\" \/>\n<meta name=\"author\" content=\"jorgen@soderqvistproduction.se\" \/>\n<meta name=\"twitter:card\" content=\"summary_large_image\" \/>\n<meta name=\"twitter:label1\" content=\"Skriven av\" \/>\n\t<meta name=\"twitter:data1\" content=\"jorgen@soderqvistproduction.se\" \/>\n\t<meta name=\"twitter:label2\" content=\"Ber\u00e4knad l\u00e4stid\" \/>\n\t<meta name=\"twitter:data2\" content=\"2 minuter\" \/>\n<script type=\"application\/ld+json\" class=\"yoast-schema-graph\">{\"@context\":\"https:\\\/\\\/schema.org\",\"@graph\":[{\"@type\":\"Article\",\"@id\":\"https:\\\/\\\/www.insulander-advokat.se\\\/blogg\\\/sarskild-foretradare-for-barn-trots-goda-intentioner-kan-barnens-intressen-inte-tillgodoses-med-den-nya-lagstiftningen-fran-den-1-juli-2021\\\/#article\",\"isPartOf\":{\"@id\":\"https:\\\/\\\/www.insulander-advokat.se\\\/blogg\\\/sarskild-foretradare-for-barn-trots-goda-intentioner-kan-barnens-intressen-inte-tillgodoses-med-den-nya-lagstiftningen-fran-den-1-juli-2021\\\/\"},\"author\":{\"name\":\"jorgen@soderqvistproduction.se\",\"@id\":\"https:\\\/\\\/www.insulander-advokat.se\\\/#\\\/schema\\\/person\\\/2875ff8aee44741a0ccc63bc19395541\"},\"headline\":\"S\u00e4rskild f\u00f6retr\u00e4dare f\u00f6r barn \u2013 trots goda intentioner kan barnens intressen inte tillgodoses med den nya lagstiftningen fr\u00e5n den 1 juli 2021\",\"datePublished\":\"2022-05-05T16:18:00+00:00\",\"dateModified\":\"2023-03-24T22:21:36+00:00\",\"mainEntityOfPage\":{\"@id\":\"https:\\\/\\\/www.insulander-advokat.se\\\/blogg\\\/sarskild-foretradare-for-barn-trots-goda-intentioner-kan-barnens-intressen-inte-tillgodoses-med-den-nya-lagstiftningen-fran-den-1-juli-2021\\\/\"},\"wordCount\":340,\"commentCount\":0,\"image\":{\"@id\":\"https:\\\/\\\/www.insulander-advokat.se\\\/blogg\\\/sarskild-foretradare-for-barn-trots-goda-intentioner-kan-barnens-intressen-inte-tillgodoses-med-den-nya-lagstiftningen-fran-den-1-juli-2021\\\/#primaryimage\"},\"thumbnailUrl\":\"https:\\\/\\\/www.insulander-advokat.se\\\/wp-content\\\/uploads\\\/2023\\\/02\\\/IMG_7927.jpeg\",\"articleSection\":[\"Blogg\"],\"inLanguage\":\"sv-SE\",\"potentialAction\":[{\"@type\":\"CommentAction\",\"name\":\"Comment\",\"target\":[\"https:\\\/\\\/www.insulander-advokat.se\\\/blogg\\\/sarskild-foretradare-for-barn-trots-goda-intentioner-kan-barnens-intressen-inte-tillgodoses-med-den-nya-lagstiftningen-fran-den-1-juli-2021\\\/#respond\"]}]},{\"@type\":\"WebPage\",\"@id\":\"https:\\\/\\\/www.insulander-advokat.se\\\/blogg\\\/sarskild-foretradare-for-barn-trots-goda-intentioner-kan-barnens-intressen-inte-tillgodoses-med-den-nya-lagstiftningen-fran-den-1-juli-2021\\\/\",\"url\":\"https:\\\/\\\/www.insulander-advokat.se\\\/blogg\\\/sarskild-foretradare-for-barn-trots-goda-intentioner-kan-barnens-intressen-inte-tillgodoses-med-den-nya-lagstiftningen-fran-den-1-juli-2021\\\/\",\"name\":\"S\u00e4rskild f\u00f6retr\u00e4dare f\u00f6r barn \u2013 trots goda intentioner kan barnens intressen inte tillgodoses med den nya lagstiftningen fr\u00e5n den 1 juli 2021 - Insulander Lindh Advokatbyr\u00e5\",\"isPartOf\":{\"@id\":\"https:\\\/\\\/www.insulander-advokat.se\\\/#website\"},\"primaryImageOfPage\":{\"@id\":\"https:\\\/\\\/www.insulander-advokat.se\\\/blogg\\\/sarskild-foretradare-for-barn-trots-goda-intentioner-kan-barnens-intressen-inte-tillgodoses-med-den-nya-lagstiftningen-fran-den-1-juli-2021\\\/#primaryimage\"},\"image\":{\"@id\":\"https:\\\/\\\/www.insulander-advokat.se\\\/blogg\\\/sarskild-foretradare-for-barn-trots-goda-intentioner-kan-barnens-intressen-inte-tillgodoses-med-den-nya-lagstiftningen-fran-den-1-juli-2021\\\/#primaryimage\"},\"thumbnailUrl\":\"https:\\\/\\\/www.insulander-advokat.se\\\/wp-content\\\/uploads\\\/2023\\\/02\\\/IMG_7927.jpeg\",\"datePublished\":\"2022-05-05T16:18:00+00:00\",\"dateModified\":\"2023-03-24T22:21:36+00:00\",\"author\":{\"@id\":\"https:\\\/\\\/www.insulander-advokat.se\\\/#\\\/schema\\\/person\\\/2875ff8aee44741a0ccc63bc19395541\"},\"breadcrumb\":{\"@id\":\"https:\\\/\\\/www.insulander-advokat.se\\\/blogg\\\/sarskild-foretradare-for-barn-trots-goda-intentioner-kan-barnens-intressen-inte-tillgodoses-med-den-nya-lagstiftningen-fran-den-1-juli-2021\\\/#breadcrumb\"},\"inLanguage\":\"sv-SE\",\"potentialAction\":[{\"@type\":\"ReadAction\",\"target\":[\"https:\\\/\\\/www.insulander-advokat.se\\\/blogg\\\/sarskild-foretradare-for-barn-trots-goda-intentioner-kan-barnens-intressen-inte-tillgodoses-med-den-nya-lagstiftningen-fran-den-1-juli-2021\\\/\"]}]},{\"@type\":\"ImageObject\",\"inLanguage\":\"sv-SE\",\"@id\":\"https:\\\/\\\/www.insulander-advokat.se\\\/blogg\\\/sarskild-foretradare-for-barn-trots-goda-intentioner-kan-barnens-intressen-inte-tillgodoses-med-den-nya-lagstiftningen-fran-den-1-juli-2021\\\/#primaryimage\",\"url\":\"https:\\\/\\\/www.insulander-advokat.se\\\/wp-content\\\/uploads\\\/2023\\\/02\\\/IMG_7927.jpeg\",\"contentUrl\":\"https:\\\/\\\/www.insulander-advokat.se\\\/wp-content\\\/uploads\\\/2023\\\/02\\\/IMG_7927.jpeg\",\"width\":1773,\"height\":2364},{\"@type\":\"BreadcrumbList\",\"@id\":\"https:\\\/\\\/www.insulander-advokat.se\\\/blogg\\\/sarskild-foretradare-for-barn-trots-goda-intentioner-kan-barnens-intressen-inte-tillgodoses-med-den-nya-lagstiftningen-fran-den-1-juli-2021\\\/#breadcrumb\",\"itemListElement\":[{\"@type\":\"ListItem\",\"position\":1,\"name\":\"Hem\",\"item\":\"https:\\\/\\\/www.insulander-advokat.se\\\/\"},{\"@type\":\"ListItem\",\"position\":2,\"name\":\"S\u00e4rskild f\u00f6retr\u00e4dare f\u00f6r barn \u2013 trots goda intentioner kan barnens intressen inte tillgodoses med den nya lagstiftningen fr\u00e5n den 1 juli 2021\"}]},{\"@type\":\"WebSite\",\"@id\":\"https:\\\/\\\/www.insulander-advokat.se\\\/#website\",\"url\":\"https:\\\/\\\/www.insulander-advokat.se\\\/\",\"name\":\"Insulander Lindh Advokatbyr\u00e5\",\"description\":\"\",\"potentialAction\":[{\"@type\":\"SearchAction\",\"target\":{\"@type\":\"EntryPoint\",\"urlTemplate\":\"https:\\\/\\\/www.insulander-advokat.se\\\/?s={search_term_string}\"},\"query-input\":{\"@type\":\"PropertyValueSpecification\",\"valueRequired\":true,\"valueName\":\"search_term_string\"}}],\"inLanguage\":\"sv-SE\"},{\"@type\":\"Person\",\"@id\":\"https:\\\/\\\/www.insulander-advokat.se\\\/#\\\/schema\\\/person\\\/2875ff8aee44741a0ccc63bc19395541\",\"name\":\"jorgen@soderqvistproduction.se\",\"image\":{\"@type\":\"ImageObject\",\"inLanguage\":\"sv-SE\",\"@id\":\"https:\\\/\\\/secure.gravatar.com\\\/avatar\\\/ad15824aa085c5513fd3a56a2b5f5f248b6c42a4e46e4e4229926149cf9b3b12?s=96&d=mm&r=g\",\"url\":\"https:\\\/\\\/secure.gravatar.com\\\/avatar\\\/ad15824aa085c5513fd3a56a2b5f5f248b6c42a4e46e4e4229926149cf9b3b12?s=96&d=mm&r=g\",\"contentUrl\":\"https:\\\/\\\/secure.gravatar.com\\\/avatar\\\/ad15824aa085c5513fd3a56a2b5f5f248b6c42a4e46e4e4229926149cf9b3b12?s=96&d=mm&r=g\",\"caption\":\"jorgen@soderqvistproduction.se\"},\"sameAs\":[\"http:\\\/\\\/localhost:8080\"],\"url\":\"https:\\\/\\\/www.insulander-advokat.se\\\/blogg\\\/author\\\/jorgensoderqvistproduction-se\\\/\"}]}<\/script>\n<!-- \/ Yoast SEO plugin. -->","yoast_head_json":{"title":"S\u00e4rskild f\u00f6retr\u00e4dare f\u00f6r barn \u2013 trots goda intentioner kan barnens intressen inte tillgodoses med den nya lagstiftningen fr\u00e5n den 1 juli 2021 - Insulander Lindh Advokatbyr\u00e5","robots":{"index":"index","follow":"follow","max-snippet":"max-snippet:-1","max-image-preview":"max-image-preview:large","max-video-preview":"max-video-preview:-1"},"canonical":"https:\/\/www.insulander-advokat.se\/blogg\/sarskild-foretradare-for-barn-trots-goda-intentioner-kan-barnens-intressen-inte-tillgodoses-med-den-nya-lagstiftningen-fran-den-1-juli-2021\/","og_locale":"sv_SE","og_type":"article","og_title":"S\u00e4rskild f\u00f6retr\u00e4dare f\u00f6r barn \u2013 trots goda intentioner kan barnens intressen inte tillgodoses med den nya lagstiftningen fr\u00e5n den 1 juli 2021 - Insulander Lindh Advokatbyr\u00e5","og_description":"Under m\u00e5nga \u00e5r har jag och flera av mina kollegor p\u00e5 byr\u00e5n arbetat som s\u00e4rskilda f\u00f6retr\u00e4dare f\u00f6r barn. Ett uppdrag som ligger mig v\u00e4ldigt varmt om hj\u00e4rtat och som jag ocks\u00e5 utbildar andra advokater och yrkesverksamma i. Uppdraget att tillvarata ett barns r\u00e4tt i en utsatt situation \u00e4r oerh\u00f6rt viktigt och kr\u00e4ver en hel del eftertanke, f\u00f6rberedelser och fingertoppsk\u00e4nsla.","og_url":"https:\/\/www.insulander-advokat.se\/blogg\/sarskild-foretradare-for-barn-trots-goda-intentioner-kan-barnens-intressen-inte-tillgodoses-med-den-nya-lagstiftningen-fran-den-1-juli-2021\/","og_site_name":"Insulander Lindh Advokatbyr\u00e5","article_published_time":"2022-05-05T16:18:00+00:00","article_modified_time":"2023-03-24T22:21:36+00:00","og_image":[{"width":1773,"height":2364,"url":"https:\/\/www.insulander-advokat.se\/wp-content\/uploads\/2023\/02\/IMG_7927.jpeg","type":"image\/jpeg"}],"author":"jorgen@soderqvistproduction.se","twitter_card":"summary_large_image","twitter_misc":{"Skriven av":"jorgen@soderqvistproduction.se","Ber\u00e4knad l\u00e4stid":"2 minuter"},"schema":{"@context":"https:\/\/schema.org","@graph":[{"@type":"Article","@id":"https:\/\/www.insulander-advokat.se\/blogg\/sarskild-foretradare-for-barn-trots-goda-intentioner-kan-barnens-intressen-inte-tillgodoses-med-den-nya-lagstiftningen-fran-den-1-juli-2021\/#article","isPartOf":{"@id":"https:\/\/www.insulander-advokat.se\/blogg\/sarskild-foretradare-for-barn-trots-goda-intentioner-kan-barnens-intressen-inte-tillgodoses-med-den-nya-lagstiftningen-fran-den-1-juli-2021\/"},"author":{"name":"jorgen@soderqvistproduction.se","@id":"https:\/\/www.insulander-advokat.se\/#\/schema\/person\/2875ff8aee44741a0ccc63bc19395541"},"headline":"S\u00e4rskild f\u00f6retr\u00e4dare f\u00f6r barn \u2013 trots goda intentioner kan barnens intressen inte tillgodoses med den nya lagstiftningen fr\u00e5n den 1 juli 2021","datePublished":"2022-05-05T16:18:00+00:00","dateModified":"2023-03-24T22:21:36+00:00","mainEntityOfPage":{"@id":"https:\/\/www.insulander-advokat.se\/blogg\/sarskild-foretradare-for-barn-trots-goda-intentioner-kan-barnens-intressen-inte-tillgodoses-med-den-nya-lagstiftningen-fran-den-1-juli-2021\/"},"wordCount":340,"commentCount":0,"image":{"@id":"https:\/\/www.insulander-advokat.se\/blogg\/sarskild-foretradare-for-barn-trots-goda-intentioner-kan-barnens-intressen-inte-tillgodoses-med-den-nya-lagstiftningen-fran-den-1-juli-2021\/#primaryimage"},"thumbnailUrl":"https:\/\/www.insulander-advokat.se\/wp-content\/uploads\/2023\/02\/IMG_7927.jpeg","articleSection":["Blogg"],"inLanguage":"sv-SE","potentialAction":[{"@type":"CommentAction","name":"Comment","target":["https:\/\/www.insulander-advokat.se\/blogg\/sarskild-foretradare-for-barn-trots-goda-intentioner-kan-barnens-intressen-inte-tillgodoses-med-den-nya-lagstiftningen-fran-den-1-juli-2021\/#respond"]}]},{"@type":"WebPage","@id":"https:\/\/www.insulander-advokat.se\/blogg\/sarskild-foretradare-for-barn-trots-goda-intentioner-kan-barnens-intressen-inte-tillgodoses-med-den-nya-lagstiftningen-fran-den-1-juli-2021\/","url":"https:\/\/www.insulander-advokat.se\/blogg\/sarskild-foretradare-for-barn-trots-goda-intentioner-kan-barnens-intressen-inte-tillgodoses-med-den-nya-lagstiftningen-fran-den-1-juli-2021\/","name":"S\u00e4rskild f\u00f6retr\u00e4dare f\u00f6r barn \u2013 trots goda intentioner kan barnens intressen inte tillgodoses med den nya lagstiftningen fr\u00e5n den 1 juli 2021 - Insulander Lindh Advokatbyr\u00e5","isPartOf":{"@id":"https:\/\/www.insulander-advokat.se\/#website"},"primaryImageOfPage":{"@id":"https:\/\/www.insulander-advokat.se\/blogg\/sarskild-foretradare-for-barn-trots-goda-intentioner-kan-barnens-intressen-inte-tillgodoses-med-den-nya-lagstiftningen-fran-den-1-juli-2021\/#primaryimage"},"image":{"@id":"https:\/\/www.insulander-advokat.se\/blogg\/sarskild-foretradare-for-barn-trots-goda-intentioner-kan-barnens-intressen-inte-tillgodoses-med-den-nya-lagstiftningen-fran-den-1-juli-2021\/#primaryimage"},"thumbnailUrl":"https:\/\/www.insulander-advokat.se\/wp-content\/uploads\/2023\/02\/IMG_7927.jpeg","datePublished":"2022-05-05T16:18:00+00:00","dateModified":"2023-03-24T22:21:36+00:00","author":{"@id":"https:\/\/www.insulander-advokat.se\/#\/schema\/person\/2875ff8aee44741a0ccc63bc19395541"},"breadcrumb":{"@id":"https:\/\/www.insulander-advokat.se\/blogg\/sarskild-foretradare-for-barn-trots-goda-intentioner-kan-barnens-intressen-inte-tillgodoses-med-den-nya-lagstiftningen-fran-den-1-juli-2021\/#breadcrumb"},"inLanguage":"sv-SE","potentialAction":[{"@type":"ReadAction","target":["https:\/\/www.insulander-advokat.se\/blogg\/sarskild-foretradare-for-barn-trots-goda-intentioner-kan-barnens-intressen-inte-tillgodoses-med-den-nya-lagstiftningen-fran-den-1-juli-2021\/"]}]},{"@type":"ImageObject","inLanguage":"sv-SE","@id":"https:\/\/www.insulander-advokat.se\/blogg\/sarskild-foretradare-for-barn-trots-goda-intentioner-kan-barnens-intressen-inte-tillgodoses-med-den-nya-lagstiftningen-fran-den-1-juli-2021\/#primaryimage","url":"https:\/\/www.insulander-advokat.se\/wp-content\/uploads\/2023\/02\/IMG_7927.jpeg","contentUrl":"https:\/\/www.insulander-advokat.se\/wp-content\/uploads\/2023\/02\/IMG_7927.jpeg","width":1773,"height":2364},{"@type":"BreadcrumbList","@id":"https:\/\/www.insulander-advokat.se\/blogg\/sarskild-foretradare-for-barn-trots-goda-intentioner-kan-barnens-intressen-inte-tillgodoses-med-den-nya-lagstiftningen-fran-den-1-juli-2021\/#breadcrumb","itemListElement":[{"@type":"ListItem","position":1,"name":"Hem","item":"https:\/\/www.insulander-advokat.se\/"},{"@type":"ListItem","position":2,"name":"S\u00e4rskild f\u00f6retr\u00e4dare f\u00f6r barn \u2013 trots goda intentioner kan barnens intressen inte tillgodoses med den nya lagstiftningen fr\u00e5n den 1 juli 2021"}]},{"@type":"WebSite","@id":"https:\/\/www.insulander-advokat.se\/#website","url":"https:\/\/www.insulander-advokat.se\/","name":"Insulander Lindh Advokatbyr\u00e5","description":"","potentialAction":[{"@type":"SearchAction","target":{"@type":"EntryPoint","urlTemplate":"https:\/\/www.insulander-advokat.se\/?s={search_term_string}"},"query-input":{"@type":"PropertyValueSpecification","valueRequired":true,"valueName":"search_term_string"}}],"inLanguage":"sv-SE"},{"@type":"Person","@id":"https:\/\/www.insulander-advokat.se\/#\/schema\/person\/2875ff8aee44741a0ccc63bc19395541","name":"jorgen@soderqvistproduction.se","image":{"@type":"ImageObject","inLanguage":"sv-SE","@id":"https:\/\/secure.gravatar.com\/avatar\/ad15824aa085c5513fd3a56a2b5f5f248b6c42a4e46e4e4229926149cf9b3b12?s=96&d=mm&r=g","url":"https:\/\/secure.gravatar.com\/avatar\/ad15824aa085c5513fd3a56a2b5f5f248b6c42a4e46e4e4229926149cf9b3b12?s=96&d=mm&r=g","contentUrl":"https:\/\/secure.gravatar.com\/avatar\/ad15824aa085c5513fd3a56a2b5f5f248b6c42a4e46e4e4229926149cf9b3b12?s=96&d=mm&r=g","caption":"jorgen@soderqvistproduction.se"},"sameAs":["http:\/\/localhost:8080"],"url":"https:\/\/www.insulander-advokat.se\/blogg\/author\/jorgensoderqvistproduction-se\/"}]}},"_links":{"self":[{"href":"https:\/\/www.insulander-advokat.se\/api\/wp\/v2\/posts\/3769","targetHints":{"allow":["GET"]}}],"collection":[{"href":"https:\/\/www.insulander-advokat.se\/api\/wp\/v2\/posts"}],"about":[{"href":"https:\/\/www.insulander-advokat.se\/api\/wp\/v2\/types\/post"}],"author":[{"embeddable":true,"href":"https:\/\/www.insulander-advokat.se\/api\/wp\/v2\/users\/1"}],"replies":[{"embeddable":true,"href":"https:\/\/www.insulander-advokat.se\/api\/wp\/v2\/comments?post=3769"}],"version-history":[{"count":2,"href":"https:\/\/www.insulander-advokat.se\/api\/wp\/v2\/posts\/3769\/revisions"}],"predecessor-version":[{"id":4044,"href":"https:\/\/www.insulander-advokat.se\/api\/wp\/v2\/posts\/3769\/revisions\/4044"}],"wp:featuredmedia":[{"embeddable":true,"href":"https:\/\/www.insulander-advokat.se\/api\/wp\/v2\/media\/4041"}],"wp:attachment":[{"href":"https:\/\/www.insulander-advokat.se\/api\/wp\/v2\/media?parent=3769"}],"wp:term":[{"taxonomy":"category","embeddable":true,"href":"https:\/\/www.insulander-advokat.se\/api\/wp\/v2\/categories?post=3769"},{"taxonomy":"post_tag","embeddable":true,"href":"https:\/\/www.insulander-advokat.se\/api\/wp\/v2\/tags?post=3769"}],"curies":[{"name":"wp","href":"https:\/\/api.w.org\/{rel}","templated":true}]}}