{"id":4862,"date":"2025-04-07T13:34:04","date_gmt":"2025-04-07T11:34:04","guid":{"rendered":"https:\/\/www.insulander-advokat.se\/?p=4862"},"modified":"2025-04-07T13:34:05","modified_gmt":"2025-04-07T11:34:05","slug":"barnets-basta-i-praktiken-dags-for-sverige-att-infora-barnombud","status":"publish","type":"post","link":"https:\/\/www.insulander-advokat.se\/blogg\/barnets-basta-i-praktiken-dags-for-sverige-att-infora-barnombud\/","title":{"rendered":"Barnets b\u00e4sta i praktiken \u2013 dags f\u00f6r Sverige att inf\u00f6ra barnombud"},"content":{"rendered":"\n<p><\/p>\n\n\n\n<p>Under de senaste \u00e5ren har flera utredningar i Sverige lyft fr\u00e5gan om barns r\u00e4tt att f\u00e5 ett eget ombud i r\u00e4ttsprocesser som r\u00f6r&nbsp;v\u00e5rdnad, boende och umg\u00e4nge. Behovet \u00e4r tydligt. Allt fler inser att &#8221;barnets b\u00e4sta&#8221; inte bara kan vara en princip p\u00e5 papper \u2013 det m\u00e5ste ocks\u00e5 genomsyra praktiken. \u00c4nd\u00e5 dr\u00f6jer det. Vad mer beh\u00f6ver h\u00e4nda innan barnets r\u00f6st f\u00e5r det utrymme den f\u00f6rtj\u00e4nar \u2013 och som barnkonventionen faktiskt kr\u00e4ver?<\/p>\n\n\n\n<p>I Tyskland har barn haft r\u00e4tt till ett eget ombud sedan 1998 och den r\u00e4tten f\u00f6rst\u00e4rktes i en reform 2009. Efter m\u00e5nga \u00e5r som barnombud i Tyskland har jag sj\u00e4lv sett hur mycket det kan betyda f\u00f6r ett barn att ha n\u00e5gon vid sin sida genom en sv\u00e5r process som p\u00e5verkar deras liv. Jag vill g\u00e4rna dela med mig av mina erfarenheter och ge en inblick i hur det fungerar i Tyskland \u2013 kanske finns det n\u00e5got vi i Sverige kan ta med oss, f\u00f6r barnens skull.<\/p>\n\n\n\n<p><strong>Specialiserade domstolar \u2013 med barnets b\u00e4sta i fokus<\/strong><\/p>\n\n\n\n<p>I Tyskland handl\u00e4ggs barn\u00e4renden i s\u00e4rskilda familjedomstolar&nbsp;enligt en egen processordning f\u00f6r familjer\u00e4ttsliga m\u00e5l. En viktig skillnad mot det svenska systemet \u00e4r att domaren d\u00e4r har en uttrycklig&nbsp;lagstadgat&nbsp;utredningsplikt. Det inneb\u00e4r att domstolen sj\u00e4lv ansvarar f\u00f6r att inh\u00e4mta n\u00f6dv\u00e4ndig information \u2013 inte bara ta st\u00e4llning till vad parterna presenterar. Det ger en mer fokuserad process och g\u00f6r att domaren f\u00e5r en aktiv roll i att f\u00f6rst\u00e5 barnets situation p\u00e5 djupet.<\/p>\n\n\n\n<p>I st\u00e4llet f\u00f6r att luta sig mot&nbsp;(subjektiva och ibland partiska)&nbsp;vittnesm\u00e5l fr\u00e5n sl\u00e4ktingar eller bekanta, l\u00e4ggs stor vikt vid&nbsp;neutrala sakkunnigutl\u00e5tanden \u2013 fr\u00e5n till exempel psykologer, skola eller v\u00e5rden. Det skapar en mer objektiv och barncentrerad bed\u00f6mning. Dessutom finns ett tydligt lagkrav p\u00e5 skyndsam handl\u00e4ggning, vilket inneb\u00e4r att en f\u00f6rsta f\u00f6rhandling ofta h\u00e5lls inom en m\u00e5nad fr\u00e5n att \u00e4rendet inletts.<\/p>\n\n\n\n<p><strong>Barnets ombud \u2013 en sj\u00e4lvklar del av processen<\/strong><\/p>\n\n\n\n<p>Enligt barnkonventionen har varje barn r\u00e4tt att uttrycka sina \u00e5sikter och bli h\u00f6rda i fr\u00e5gor som r\u00f6r deras liv. I Tyskland tillgodoses detta som n\u00e4mnts, genom att domstolen f\u00f6rordnar ett ombud f\u00f6r barnet \u2013 s\u00e4rskilt i m\u00e5l d\u00e4r f\u00f6r\u00e4ldrarna \u00e4r oense. F\u00f6r att bli barnombud kr\u00e4vs juridisk kompetens, men ocks\u00e5 s\u00e4rskild f\u00f6rst\u00e5else f\u00f6r barns behov och utveckling.&nbsp;<\/p>\n\n\n\n<p>Genom f\u00f6rordnandet blir ombudet part i m\u00e5let och f\u00e5r en central roll i processen. Uppdraget omfattar inte bara att f\u00f6ra fram barnets r\u00f6st, utan ocks\u00e5 att bidra till utredningen genom samtal med f\u00f6r\u00e4ldrar,&nbsp;socialtj\u00e4nst, skola, l\u00e4kare, psykologer och andra relevanta akt\u00f6rer. I vissa fall arbetar ombudet \u00e4ven f\u00f6r att n\u00e5 samf\u00f6rst\u00e5nd mellan f\u00f6r\u00e4ldrarna \u2013 med barnets b\u00e4sta i fokus.<\/p>\n\n\n\n<p><strong>N\u00e4r juridiken m\u00f6ter barnets verklighet<\/strong><\/p>\n\n\n\n<p>Att vara barnets ombud \u00e4r mer \u00e4n ett juridiskt uppdrag. Det handlar om att vara en trygg vuxen i en orolig tillvaro \u2013 n\u00e5gon barnet kan lita p\u00e5. Ombudet tr\u00e4ffar barnet upprepade g\u00e5nger ensamt, om m\u00f6jligt i b\u00e5da hemmen och bygger en relation genom samtal och f\u00f6rtroende. R\u00e4ttsprocessen f\u00f6rklaras p\u00e5 ett \u00e5ldersanpassat s\u00e4tt, och barnet f\u00e5r veta att det inte b\u00e4r ansvar f\u00f6r besluten men att dess r\u00f6st \u00e4r viktig och kommer att tas p\u00e5 allvar.&nbsp;Ombudet finns tillg\u00e4ngligt n\u00e4r barnet beh\u00f6ver prata, st\u00e4lla fr\u00e5gor eller bara bli lyssnad p\u00e5.<\/p>\n\n\n\n<p><strong>I r\u00e4ttssalen \u2013 barnets b\u00e4sta i centrum<\/strong><\/p>\n\n\n\n<p>Inf\u00f6r f\u00f6rhandlingen ska domaren tr\u00e4ffa barnet, om det inte finns s\u00e4rskilda sk\u00e4l som talar emot det. Samtalet sker i en trygg milj\u00f6, tillsammans med barnets ombud och utan att f\u00f6r\u00e4ldrarna \u00e4r n\u00e4rvarande. Eftersom ombudet redan har en etablerad relation med barnet blir m\u00f6tet respektfullt, lugnt och framf\u00f6r allt &#8211; p\u00e5 barnets villkor.<\/p>\n\n\n\n<p>Under domstolsf\u00f6rhandlingen representerar barnombudet barnets vilja och intressen. Endast domaren, ombuden, f\u00f6r\u00e4ldrarna och socialtj\u00e4nsten \u00e4r n\u00e4rvarande. Ombudet redog\u00f6r f\u00f6r barnets \u00f6nskem\u00e5l, vad som framkommit i samtal och kontakter, samt ger sin bed\u00f6mning av vad som \u00e4r b\u00e4st f\u00f6r barnet. Ombudet kan ocks\u00e5 beg\u00e4ra ytterligare sakkunnigutl\u00e5tanden \u2013 och har r\u00e4tt att \u00f6verklaga en dom som strider mot barnets b\u00e4sta. N\u00e4r domstolsbeslutet \u00e4r fattat \u00e4r det ombudets ansvar att f\u00f6rklara det f\u00f6r barnet, p\u00e5 ett s\u00e4tt som barnet f\u00f6rst\u00e5r. F\u00f6rst d\u00e4refter avslutas uppdraget \u2013 om inte domen \u00f6verklagas.<\/p>\n\n\n\n<p><strong>Barnombudet g\u00f6r skillnad\u00a0\u00a0\u00a0\u00a0\u00a0\u00a0\u00a0\u00a0\u00a0\u00a0\u00a0\u00a0\u00a0\u00a0\u00a0\u00a0\u00a0\u00a0\u00a0\u00a0\u00a0\u00a0\u00a0\u00a0\u00a0\u00a0\u00a0\u00a0\u00a0\u00a0\u00a0\u00a0\u00a0\u00a0\u00a0\u00a0\u00a0\u00a0\u00a0\u00a0\u00a0\u00a0\u00a0\u00a0\u00a0\u00a0\u00a0\u00a0\u00a0\u00a0\u00a0\u00a0\u00a0\u00a0\u00a0\u00a0\u00a0\u00a0\u00a0\u00a0\u00a0\u00a0\u00a0\u00a0\u00a0\u00a0\u00a0\u00a0\u00a0\u00a0\u00a0\u00a0\u00a0\u00a0\u00a0\u00a0\u00a0\u00a0\u00a0\u00a0\u00a0\u00a0\u00a0\u00a0\u00a0\u00a0\u00a0<\/strong><br><\/p>\n\n\n\n<p>Barnombudet spelar en avg\u00f6rande roll \u2013 f\u00f6r r\u00e4ttsprocessen, f\u00f6r relationen mellan f\u00f6r\u00e4ldrarna, och framf\u00f6r allt f\u00f6r barnet. Att vara barnombud \u00e4r ett stort ansvar, men ocks\u00e5 ett hedersuppdrag. Barn beh\u00f6ver n\u00e5gon som lyssnar, som finns d\u00e4r \u2013 inte bara i ett enstaka m\u00f6te, utan som en trygg punkt genom hela processen. N\u00e4r jag b\u00f6rjade som ombud t\u00e4nkte jag p\u00e5 Astrid Lindgrens ord: <em>&#8221;Har jag lyckats f\u00f6rgylla en enda dyster barndom, s\u00e5 \u00e4r jag n\u00f6jd.&#8221;<\/em>\u00a0Det \u00e4r stora ord \u2013 men idag vet jag att ett barnombud faktiskt kan g\u00f6ra den skillnaden. Och det \u00e4r just det vi borde ge barn i Sverige ocks\u00e5: en r\u00f6st och trygghet i en utsatt tid.<\/p>\n\n\n\n<p><br>Fr\u00e5gan \u00e4r inte l\u00e4ngre <em>om<\/em>\u00a0Sverige ska inf\u00f6ra barnombud, utan <em>hur l\u00e4nge<\/em>\u00a0vi kan till\u00e5ta att barn st\u00e5r utan r\u00f6st i konflikter de sj\u00e4lva inte valt, men som p\u00e5verkar hela deras liv. Barn m\u00e5ste f\u00e5 vara just barn \u2013 och kunna lita p\u00e5 att vi vuxna st\u00e5r upp f\u00f6r deras r\u00e4ttigheter, i enlighet med barnkonventionen. Oavsett om de bor i Tyskland eller i Sverige.<\/p>\n","protected":false},"excerpt":{"rendered":"<p>En personlig reflektion \u00f6ver mina erfarenheter som barnombud i Tyskland<\/p>\n","protected":false},"author":9,"featured_media":4863,"comment_status":"open","ping_status":"closed","sticky":false,"template":"","format":"standard","meta":{"_acf_changed":false,"footnotes":""},"categories":[21],"tags":[],"class_list":["post-4862","post","type-post","status-publish","format-standard","has-post-thumbnail","hentry","category-blogg"],"acf":[],"yoast_head":"<!-- This site is optimized with the Yoast SEO plugin v27.5 - https:\/\/yoast.com\/product\/yoast-seo-wordpress\/ -->\n<title>Barnets b\u00e4sta i praktiken \u2013 dags f\u00f6r Sverige att inf\u00f6ra barnombud - Insulander Lindh Advokatbyr\u00e5<\/title>\n<meta name=\"robots\" content=\"index, follow, max-snippet:-1, max-image-preview:large, max-video-preview:-1\" \/>\n<link rel=\"canonical\" href=\"https:\/\/www.insulander-advokat.se\/blogg\/barnets-basta-i-praktiken-dags-for-sverige-att-infora-barnombud\/\" \/>\n<meta property=\"og:locale\" content=\"sv_SE\" \/>\n<meta property=\"og:type\" content=\"article\" \/>\n<meta property=\"og:title\" content=\"Barnets b\u00e4sta i praktiken \u2013 dags f\u00f6r Sverige att inf\u00f6ra barnombud - Insulander Lindh Advokatbyr\u00e5\" \/>\n<meta property=\"og:description\" content=\"En personlig reflektion \u00f6ver mina erfarenheter som barnombud i Tyskland\" \/>\n<meta property=\"og:url\" content=\"https:\/\/www.insulander-advokat.se\/blogg\/barnets-basta-i-praktiken-dags-for-sverige-att-infora-barnombud\/\" \/>\n<meta property=\"og:site_name\" content=\"Insulander Lindh Advokatbyr\u00e5\" \/>\n<meta property=\"article:published_time\" content=\"2025-04-07T11:34:04+00:00\" \/>\n<meta property=\"article:modified_time\" content=\"2025-04-07T11:34:05+00:00\" \/>\n<meta property=\"og:image\" content=\"https:\/\/www.insulander-advokat.se\/wp-content\/uploads\/2025\/04\/1-1024x726.png\" \/>\n\t<meta property=\"og:image:width\" content=\"1024\" \/>\n\t<meta property=\"og:image:height\" content=\"726\" \/>\n\t<meta property=\"og:image:type\" content=\"image\/png\" \/>\n<meta name=\"author\" content=\"Nelly Hedberg\" \/>\n<meta name=\"twitter:card\" content=\"summary_large_image\" \/>\n<meta name=\"twitter:label1\" content=\"Skriven av\" \/>\n\t<meta name=\"twitter:data1\" content=\"Nelly Hedberg\" \/>\n\t<meta name=\"twitter:label2\" content=\"Ber\u00e4knad l\u00e4stid\" \/>\n\t<meta name=\"twitter:data2\" content=\"5 minuter\" \/>\n<script type=\"application\/ld+json\" class=\"yoast-schema-graph\">{\"@context\":\"https:\\\/\\\/schema.org\",\"@graph\":[{\"@type\":\"Article\",\"@id\":\"https:\\\/\\\/www.insulander-advokat.se\\\/blogg\\\/barnets-basta-i-praktiken-dags-for-sverige-att-infora-barnombud\\\/#article\",\"isPartOf\":{\"@id\":\"https:\\\/\\\/www.insulander-advokat.se\\\/blogg\\\/barnets-basta-i-praktiken-dags-for-sverige-att-infora-barnombud\\\/\"},\"author\":{\"name\":\"Nelly Hedberg\",\"@id\":\"https:\\\/\\\/www.insulander-advokat.se\\\/#\\\/schema\\\/person\\\/48eae42ad431649c55ceead8ad2fdea4\"},\"headline\":\"Barnets b\u00e4sta i praktiken \u2013 dags f\u00f6r Sverige att inf\u00f6ra barnombud\",\"datePublished\":\"2025-04-07T11:34:04+00:00\",\"dateModified\":\"2025-04-07T11:34:05+00:00\",\"mainEntityOfPage\":{\"@id\":\"https:\\\/\\\/www.insulander-advokat.se\\\/blogg\\\/barnets-basta-i-praktiken-dags-for-sverige-att-infora-barnombud\\\/\"},\"wordCount\":1031,\"commentCount\":0,\"image\":{\"@id\":\"https:\\\/\\\/www.insulander-advokat.se\\\/blogg\\\/barnets-basta-i-praktiken-dags-for-sverige-att-infora-barnombud\\\/#primaryimage\"},\"thumbnailUrl\":\"https:\\\/\\\/www.insulander-advokat.se\\\/wp-content\\\/uploads\\\/2025\\\/04\\\/1.png\",\"articleSection\":[\"Blogg\"],\"inLanguage\":\"sv-SE\",\"potentialAction\":[{\"@type\":\"CommentAction\",\"name\":\"Comment\",\"target\":[\"https:\\\/\\\/www.insulander-advokat.se\\\/blogg\\\/barnets-basta-i-praktiken-dags-for-sverige-att-infora-barnombud\\\/#respond\"]}]},{\"@type\":\"WebPage\",\"@id\":\"https:\\\/\\\/www.insulander-advokat.se\\\/blogg\\\/barnets-basta-i-praktiken-dags-for-sverige-att-infora-barnombud\\\/\",\"url\":\"https:\\\/\\\/www.insulander-advokat.se\\\/blogg\\\/barnets-basta-i-praktiken-dags-for-sverige-att-infora-barnombud\\\/\",\"name\":\"Barnets b\u00e4sta i praktiken \u2013 dags f\u00f6r Sverige att inf\u00f6ra barnombud - Insulander Lindh Advokatbyr\u00e5\",\"isPartOf\":{\"@id\":\"https:\\\/\\\/www.insulander-advokat.se\\\/#website\"},\"primaryImageOfPage\":{\"@id\":\"https:\\\/\\\/www.insulander-advokat.se\\\/blogg\\\/barnets-basta-i-praktiken-dags-for-sverige-att-infora-barnombud\\\/#primaryimage\"},\"image\":{\"@id\":\"https:\\\/\\\/www.insulander-advokat.se\\\/blogg\\\/barnets-basta-i-praktiken-dags-for-sverige-att-infora-barnombud\\\/#primaryimage\"},\"thumbnailUrl\":\"https:\\\/\\\/www.insulander-advokat.se\\\/wp-content\\\/uploads\\\/2025\\\/04\\\/1.png\",\"datePublished\":\"2025-04-07T11:34:04+00:00\",\"dateModified\":\"2025-04-07T11:34:05+00:00\",\"author\":{\"@id\":\"https:\\\/\\\/www.insulander-advokat.se\\\/#\\\/schema\\\/person\\\/48eae42ad431649c55ceead8ad2fdea4\"},\"breadcrumb\":{\"@id\":\"https:\\\/\\\/www.insulander-advokat.se\\\/blogg\\\/barnets-basta-i-praktiken-dags-for-sverige-att-infora-barnombud\\\/#breadcrumb\"},\"inLanguage\":\"sv-SE\",\"potentialAction\":[{\"@type\":\"ReadAction\",\"target\":[\"https:\\\/\\\/www.insulander-advokat.se\\\/blogg\\\/barnets-basta-i-praktiken-dags-for-sverige-att-infora-barnombud\\\/\"]}]},{\"@type\":\"ImageObject\",\"inLanguage\":\"sv-SE\",\"@id\":\"https:\\\/\\\/www.insulander-advokat.se\\\/blogg\\\/barnets-basta-i-praktiken-dags-for-sverige-att-infora-barnombud\\\/#primaryimage\",\"url\":\"https:\\\/\\\/www.insulander-advokat.se\\\/wp-content\\\/uploads\\\/2025\\\/04\\\/1.png\",\"contentUrl\":\"https:\\\/\\\/www.insulander-advokat.se\\\/wp-content\\\/uploads\\\/2025\\\/04\\\/1.png\",\"width\":1586,\"height\":1125},{\"@type\":\"BreadcrumbList\",\"@id\":\"https:\\\/\\\/www.insulander-advokat.se\\\/blogg\\\/barnets-basta-i-praktiken-dags-for-sverige-att-infora-barnombud\\\/#breadcrumb\",\"itemListElement\":[{\"@type\":\"ListItem\",\"position\":1,\"name\":\"Hem\",\"item\":\"https:\\\/\\\/www.insulander-advokat.se\\\/\"},{\"@type\":\"ListItem\",\"position\":2,\"name\":\"Barnets b\u00e4sta i praktiken \u2013 dags f\u00f6r Sverige att inf\u00f6ra barnombud\"}]},{\"@type\":\"WebSite\",\"@id\":\"https:\\\/\\\/www.insulander-advokat.se\\\/#website\",\"url\":\"https:\\\/\\\/www.insulander-advokat.se\\\/\",\"name\":\"Insulander Lindh Advokatbyr\u00e5\",\"description\":\"\",\"potentialAction\":[{\"@type\":\"SearchAction\",\"target\":{\"@type\":\"EntryPoint\",\"urlTemplate\":\"https:\\\/\\\/www.insulander-advokat.se\\\/?s={search_term_string}\"},\"query-input\":{\"@type\":\"PropertyValueSpecification\",\"valueRequired\":true,\"valueName\":\"search_term_string\"}}],\"inLanguage\":\"sv-SE\"},{\"@type\":\"Person\",\"@id\":\"https:\\\/\\\/www.insulander-advokat.se\\\/#\\\/schema\\\/person\\\/48eae42ad431649c55ceead8ad2fdea4\",\"name\":\"Nelly Hedberg\",\"image\":{\"@type\":\"ImageObject\",\"inLanguage\":\"sv-SE\",\"@id\":\"https:\\\/\\\/secure.gravatar.com\\\/avatar\\\/c960e260ade4e699b539adaab53dd04e5767db3857dcb1b51a8be3d875cda33d?s=96&d=mm&r=g\",\"url\":\"https:\\\/\\\/secure.gravatar.com\\\/avatar\\\/c960e260ade4e699b539adaab53dd04e5767db3857dcb1b51a8be3d875cda33d?s=96&d=mm&r=g\",\"contentUrl\":\"https:\\\/\\\/secure.gravatar.com\\\/avatar\\\/c960e260ade4e699b539adaab53dd04e5767db3857dcb1b51a8be3d875cda33d?s=96&d=mm&r=g\",\"caption\":\"Nelly Hedberg\"},\"url\":\"https:\\\/\\\/www.insulander-advokat.se\\\/blogg\\\/author\\\/infoinsulander-advokat-se\\\/\"}]}<\/script>\n<!-- \/ Yoast SEO plugin. -->","yoast_head_json":{"title":"Barnets b\u00e4sta i praktiken \u2013 dags f\u00f6r Sverige att inf\u00f6ra barnombud - Insulander Lindh Advokatbyr\u00e5","robots":{"index":"index","follow":"follow","max-snippet":"max-snippet:-1","max-image-preview":"max-image-preview:large","max-video-preview":"max-video-preview:-1"},"canonical":"https:\/\/www.insulander-advokat.se\/blogg\/barnets-basta-i-praktiken-dags-for-sverige-att-infora-barnombud\/","og_locale":"sv_SE","og_type":"article","og_title":"Barnets b\u00e4sta i praktiken \u2013 dags f\u00f6r Sverige att inf\u00f6ra barnombud - Insulander Lindh Advokatbyr\u00e5","og_description":"En personlig reflektion \u00f6ver mina erfarenheter som barnombud i Tyskland","og_url":"https:\/\/www.insulander-advokat.se\/blogg\/barnets-basta-i-praktiken-dags-for-sverige-att-infora-barnombud\/","og_site_name":"Insulander Lindh Advokatbyr\u00e5","article_published_time":"2025-04-07T11:34:04+00:00","article_modified_time":"2025-04-07T11:34:05+00:00","og_image":[{"width":1024,"height":726,"url":"https:\/\/www.insulander-advokat.se\/wp-content\/uploads\/2025\/04\/1-1024x726.png","type":"image\/png"}],"author":"Nelly Hedberg","twitter_card":"summary_large_image","twitter_misc":{"Skriven av":"Nelly Hedberg","Ber\u00e4knad l\u00e4stid":"5 minuter"},"schema":{"@context":"https:\/\/schema.org","@graph":[{"@type":"Article","@id":"https:\/\/www.insulander-advokat.se\/blogg\/barnets-basta-i-praktiken-dags-for-sverige-att-infora-barnombud\/#article","isPartOf":{"@id":"https:\/\/www.insulander-advokat.se\/blogg\/barnets-basta-i-praktiken-dags-for-sverige-att-infora-barnombud\/"},"author":{"name":"Nelly Hedberg","@id":"https:\/\/www.insulander-advokat.se\/#\/schema\/person\/48eae42ad431649c55ceead8ad2fdea4"},"headline":"Barnets b\u00e4sta i praktiken \u2013 dags f\u00f6r Sverige att inf\u00f6ra barnombud","datePublished":"2025-04-07T11:34:04+00:00","dateModified":"2025-04-07T11:34:05+00:00","mainEntityOfPage":{"@id":"https:\/\/www.insulander-advokat.se\/blogg\/barnets-basta-i-praktiken-dags-for-sverige-att-infora-barnombud\/"},"wordCount":1031,"commentCount":0,"image":{"@id":"https:\/\/www.insulander-advokat.se\/blogg\/barnets-basta-i-praktiken-dags-for-sverige-att-infora-barnombud\/#primaryimage"},"thumbnailUrl":"https:\/\/www.insulander-advokat.se\/wp-content\/uploads\/2025\/04\/1.png","articleSection":["Blogg"],"inLanguage":"sv-SE","potentialAction":[{"@type":"CommentAction","name":"Comment","target":["https:\/\/www.insulander-advokat.se\/blogg\/barnets-basta-i-praktiken-dags-for-sverige-att-infora-barnombud\/#respond"]}]},{"@type":"WebPage","@id":"https:\/\/www.insulander-advokat.se\/blogg\/barnets-basta-i-praktiken-dags-for-sverige-att-infora-barnombud\/","url":"https:\/\/www.insulander-advokat.se\/blogg\/barnets-basta-i-praktiken-dags-for-sverige-att-infora-barnombud\/","name":"Barnets b\u00e4sta i praktiken \u2013 dags f\u00f6r Sverige att inf\u00f6ra barnombud - Insulander Lindh Advokatbyr\u00e5","isPartOf":{"@id":"https:\/\/www.insulander-advokat.se\/#website"},"primaryImageOfPage":{"@id":"https:\/\/www.insulander-advokat.se\/blogg\/barnets-basta-i-praktiken-dags-for-sverige-att-infora-barnombud\/#primaryimage"},"image":{"@id":"https:\/\/www.insulander-advokat.se\/blogg\/barnets-basta-i-praktiken-dags-for-sverige-att-infora-barnombud\/#primaryimage"},"thumbnailUrl":"https:\/\/www.insulander-advokat.se\/wp-content\/uploads\/2025\/04\/1.png","datePublished":"2025-04-07T11:34:04+00:00","dateModified":"2025-04-07T11:34:05+00:00","author":{"@id":"https:\/\/www.insulander-advokat.se\/#\/schema\/person\/48eae42ad431649c55ceead8ad2fdea4"},"breadcrumb":{"@id":"https:\/\/www.insulander-advokat.se\/blogg\/barnets-basta-i-praktiken-dags-for-sverige-att-infora-barnombud\/#breadcrumb"},"inLanguage":"sv-SE","potentialAction":[{"@type":"ReadAction","target":["https:\/\/www.insulander-advokat.se\/blogg\/barnets-basta-i-praktiken-dags-for-sverige-att-infora-barnombud\/"]}]},{"@type":"ImageObject","inLanguage":"sv-SE","@id":"https:\/\/www.insulander-advokat.se\/blogg\/barnets-basta-i-praktiken-dags-for-sverige-att-infora-barnombud\/#primaryimage","url":"https:\/\/www.insulander-advokat.se\/wp-content\/uploads\/2025\/04\/1.png","contentUrl":"https:\/\/www.insulander-advokat.se\/wp-content\/uploads\/2025\/04\/1.png","width":1586,"height":1125},{"@type":"BreadcrumbList","@id":"https:\/\/www.insulander-advokat.se\/blogg\/barnets-basta-i-praktiken-dags-for-sverige-att-infora-barnombud\/#breadcrumb","itemListElement":[{"@type":"ListItem","position":1,"name":"Hem","item":"https:\/\/www.insulander-advokat.se\/"},{"@type":"ListItem","position":2,"name":"Barnets b\u00e4sta i praktiken \u2013 dags f\u00f6r Sverige att inf\u00f6ra barnombud"}]},{"@type":"WebSite","@id":"https:\/\/www.insulander-advokat.se\/#website","url":"https:\/\/www.insulander-advokat.se\/","name":"Insulander Lindh Advokatbyr\u00e5","description":"","potentialAction":[{"@type":"SearchAction","target":{"@type":"EntryPoint","urlTemplate":"https:\/\/www.insulander-advokat.se\/?s={search_term_string}"},"query-input":{"@type":"PropertyValueSpecification","valueRequired":true,"valueName":"search_term_string"}}],"inLanguage":"sv-SE"},{"@type":"Person","@id":"https:\/\/www.insulander-advokat.se\/#\/schema\/person\/48eae42ad431649c55ceead8ad2fdea4","name":"Nelly Hedberg","image":{"@type":"ImageObject","inLanguage":"sv-SE","@id":"https:\/\/secure.gravatar.com\/avatar\/c960e260ade4e699b539adaab53dd04e5767db3857dcb1b51a8be3d875cda33d?s=96&d=mm&r=g","url":"https:\/\/secure.gravatar.com\/avatar\/c960e260ade4e699b539adaab53dd04e5767db3857dcb1b51a8be3d875cda33d?s=96&d=mm&r=g","contentUrl":"https:\/\/secure.gravatar.com\/avatar\/c960e260ade4e699b539adaab53dd04e5767db3857dcb1b51a8be3d875cda33d?s=96&d=mm&r=g","caption":"Nelly Hedberg"},"url":"https:\/\/www.insulander-advokat.se\/blogg\/author\/infoinsulander-advokat-se\/"}]}},"_links":{"self":[{"href":"https:\/\/www.insulander-advokat.se\/api\/wp\/v2\/posts\/4862","targetHints":{"allow":["GET"]}}],"collection":[{"href":"https:\/\/www.insulander-advokat.se\/api\/wp\/v2\/posts"}],"about":[{"href":"https:\/\/www.insulander-advokat.se\/api\/wp\/v2\/types\/post"}],"author":[{"embeddable":true,"href":"https:\/\/www.insulander-advokat.se\/api\/wp\/v2\/users\/9"}],"replies":[{"embeddable":true,"href":"https:\/\/www.insulander-advokat.se\/api\/wp\/v2\/comments?post=4862"}],"version-history":[{"count":3,"href":"https:\/\/www.insulander-advokat.se\/api\/wp\/v2\/posts\/4862\/revisions"}],"predecessor-version":[{"id":4866,"href":"https:\/\/www.insulander-advokat.se\/api\/wp\/v2\/posts\/4862\/revisions\/4866"}],"wp:featuredmedia":[{"embeddable":true,"href":"https:\/\/www.insulander-advokat.se\/api\/wp\/v2\/media\/4863"}],"wp:attachment":[{"href":"https:\/\/www.insulander-advokat.se\/api\/wp\/v2\/media?parent=4862"}],"wp:term":[{"taxonomy":"category","embeddable":true,"href":"https:\/\/www.insulander-advokat.se\/api\/wp\/v2\/categories?post=4862"},{"taxonomy":"post_tag","embeddable":true,"href":"https:\/\/www.insulander-advokat.se\/api\/wp\/v2\/tags?post=4862"}],"curies":[{"name":"wp","href":"https:\/\/api.w.org\/{rel}","templated":true}]}}